{"id":242888,"date":"2026-01-28T17:16:16","date_gmt":"2026-01-29T00:16:16","guid":{"rendered":"https:\/\/rnoticias.com.mx\/Portal\/?p=242888"},"modified":"2026-01-28T17:16:16","modified_gmt":"2026-01-29T00:16:16","slug":"bomberos-se-entrenan-en-rescates-extremos","status":"publish","type":"post","link":"https:\/\/rnoticias.com.mx\/Portal\/2026\/01\/28\/bomberos-se-entrenan-en-rescates-extremos\/","title":{"rendered":"Bomberos se entrenan en rescates extremos"},"content":{"rendered":"<p>Hermosillo, Sonora. Durante varios d\u00edas, alrededor de 30 elementos del Departamento de Bomberos de Hermosillo participan en una intensa capacitaci\u00f3n enfocada en rescate en monta\u00f1as y zonas remotas, con el objetivo de fortalecer su preparaci\u00f3n ante emergencias en entornos de dif\u00edcil acceso.<\/p>\n<p>&nbsp;<\/p>\n<p>El jefe del grupo de Rescate Vertical y Espacios Confinados (Revec), Luis Arturo Daniel T\u00e9llez, explic\u00f3 que el curso corresponde a la certificaci\u00f3n en \u201cB\u00fasqueda y rescate en zonas remotas\u201d e incluye pr\u00e1cticas de rescate con cuerdas, operaciones en \u00e1reas monta\u00f1osas y despliegues prolongados en condiciones extremas.<\/p>\n<p>&nbsp;<\/p>\n<p>\u201cEl programa se desarrolla durante 11 d\u00edas e incorpora m\u00f3dulos de orientaci\u00f3n y navegaci\u00f3n terrestre, estrategias de b\u00fasqueda en espacios abiertos y rastreo de huellas\u201d, reconoci\u00f3.<\/p>\n<p>&nbsp;<\/p>\n<p>Con ello, indic\u00f3 que los bomberos en Hermosillo refuerzan su capacidad de respuesta en operativos reales y extremos sin servicios b\u00e1sicos.<\/p>\n<p>&nbsp;<\/p>\n","protected":false},"excerpt":{"rendered":"<p>Hermosillo, Sonora. Durante varios d\u00edas, alrededor de 30 elementos del Departamento de Bomberos de Hermosillo participan en una intensa capacitaci\u00f3n enfocada en rescate en monta\u00f1as y zonas remotas, con el objetivo de fortalecer su preparaci\u00f3n ante emergencias en entornos de dif\u00edcil acceso. &nbsp; El jefe del grupo de Rescate Vertical y Espacios Confinados (Revec), Luis [&hellip;]<\/p>\n","protected":false},"author":2,"featured_media":242889,"comment_status":"closed","ping_status":"closed","sticky":false,"template":"","format":"standard","meta":{"footnotes":""},"categories":[12870,178],"tags":[12865,12869],"class_list":["post-242888","post","type-post","status-publish","format-standard","has-post-thumbnail","hentry","category-destacadas","category-local","tag-destacadas","tag-local"],"jetpack_featured_media_url":"https:\/\/rnoticias.com.mx\/Portal\/wp-content\/uploads\/2026\/01\/WhatsApp-Image-2026-01-27-at-13.03.48.jpeg","amp_enabled":true,"_links":{"self":[{"href":"https:\/\/rnoticias.com.mx\/Portal\/wp-json\/wp\/v2\/posts\/242888","targetHints":{"allow":["GET"]}}],"collection":[{"href":"https:\/\/rnoticias.com.mx\/Portal\/wp-json\/wp\/v2\/posts"}],"about":[{"href":"https:\/\/rnoticias.com.mx\/Portal\/wp-json\/wp\/v2\/types\/post"}],"author":[{"embeddable":true,"href":"https:\/\/rnoticias.com.mx\/Portal\/wp-json\/wp\/v2\/users\/2"}],"replies":[{"embeddable":true,"href":"https:\/\/rnoticias.com.mx\/Portal\/wp-json\/wp\/v2\/comments?post=242888"}],"version-history":[{"count":1,"href":"https:\/\/rnoticias.com.mx\/Portal\/wp-json\/wp\/v2\/posts\/242888\/revisions"}],"predecessor-version":[{"id":242890,"href":"https:\/\/rnoticias.com.mx\/Portal\/wp-json\/wp\/v2\/posts\/242888\/revisions\/242890"}],"wp:featuredmedia":[{"embeddable":true,"href":"https:\/\/rnoticias.com.mx\/Portal\/wp-json\/wp\/v2\/media\/242889"}],"wp:attachment":[{"href":"https:\/\/rnoticias.com.mx\/Portal\/wp-json\/wp\/v2\/media?parent=242888"}],"wp:term":[{"taxonomy":"category","embeddable":true,"href":"https:\/\/rnoticias.com.mx\/Portal\/wp-json\/wp\/v2\/categories?post=242888"},{"taxonomy":"post_tag","embeddable":true,"href":"https:\/\/rnoticias.com.mx\/Portal\/wp-json\/wp\/v2\/tags?post=242888"}],"curies":[{"name":"wp","href":"https:\/\/api.w.org\/{rel}","templated":true}]}}