{"id":242885,"date":"2026-01-28T17:15:12","date_gmt":"2026-01-29T00:15:12","guid":{"rendered":"https:\/\/rnoticias.com.mx\/Portal\/?p=242885"},"modified":"2026-01-28T17:15:12","modified_gmt":"2026-01-29T00:15:12","slug":"reconocen-grupos-ambientalistas-enfoque-sustentable-en-nueva-obra-vial-de-colosio-y-solidaridad","status":"publish","type":"post","link":"https:\/\/rnoticias.com.mx\/Portal\/2026\/01\/28\/reconocen-grupos-ambientalistas-enfoque-sustentable-en-nueva-obra-vial-de-colosio-y-solidaridad\/","title":{"rendered":"Reconocen grupos ambientalistas enfoque sustentable en nueva obra vial de Colosio y Solidaridad"},"content":{"rendered":"<p>Hermosillo, Sonora. La incorporaci\u00f3n de infraestructura verde en el paso a desnivel de los bulevares Colosio y Solidaridad fue destacada por representantes de la sociedad civil, al considerar que el proyecto no solo mejora la movilidad, sino que tambi\u00e9n apuesta por el cuidado ambiental.<\/p>\n<p>&nbsp;<\/p>\n<p>Pamela Ibarra D\u00e1vila, presidenta de la asociaci\u00f3n Cultura Verde, se\u00f1al\u00f3 como positivo que la obra contemple vegetaci\u00f3n nativa y un sistema de captaci\u00f3n de agua pluvial, el cual permitir\u00e1 aprovechar la lluvia para el riego de las \u00e1reas verdes del lugar.<\/p>\n<p>&nbsp;<\/p>\n<p>\u201cEste tipo de acciones son necesarias en una ciudad como Hermosillo, donde las precipitaciones son escasas y deben ser bien aprovechadas\u201d, subray\u00f3.<\/p>\n<p>&nbsp;<\/p>\n<p>Indic\u00f3 que ser\u00e1 clave el mantenimiento que brinde el personal de Parques y Jardines, as\u00ed como la participaci\u00f3n de la ciudadan\u00eda, para garantizar que las plantas se desarrollen adecuadamente y el espacio se consolide como una zona arborizada.<\/p>\n<p>&nbsp;<\/p>\n<p>Ibarra D\u00e1vila agreg\u00f3 que, adem\u00e1s de su beneficio ambiental, el paso a desnivel ayudar\u00e1 a desahogar el tr\u00e1fico vehicular en el poniente de la ciudad, combinando funcionalidad urbana con una visi\u00f3n sustentable.<\/p>\n<p>&nbsp;<\/p>\n","protected":false},"excerpt":{"rendered":"<p>Hermosillo, Sonora. La incorporaci\u00f3n de infraestructura verde en el paso a desnivel de los bulevares Colosio y Solidaridad fue destacada por representantes de la sociedad civil, al considerar que el proyecto no solo mejora la movilidad, sino que tambi\u00e9n apuesta por el cuidado ambiental. &nbsp; Pamela Ibarra D\u00e1vila, presidenta de la asociaci\u00f3n Cultura Verde, se\u00f1al\u00f3 [&hellip;]<\/p>\n","protected":false},"author":2,"featured_media":242886,"comment_status":"closed","ping_status":"closed","sticky":false,"template":"","format":"standard","meta":{"footnotes":""},"categories":[12870,178],"tags":[12865,12869],"class_list":["post-242885","post","type-post","status-publish","format-standard","has-post-thumbnail","hentry","category-destacadas","category-local","tag-destacadas","tag-local"],"jetpack_featured_media_url":"https:\/\/rnoticias.com.mx\/Portal\/wp-content\/uploads\/2026\/01\/WhatsApp-Image-2026-01-26-at-13.43.27-1024x576-1.jpeg","amp_enabled":true,"_links":{"self":[{"href":"https:\/\/rnoticias.com.mx\/Portal\/wp-json\/wp\/v2\/posts\/242885","targetHints":{"allow":["GET"]}}],"collection":[{"href":"https:\/\/rnoticias.com.mx\/Portal\/wp-json\/wp\/v2\/posts"}],"about":[{"href":"https:\/\/rnoticias.com.mx\/Portal\/wp-json\/wp\/v2\/types\/post"}],"author":[{"embeddable":true,"href":"https:\/\/rnoticias.com.mx\/Portal\/wp-json\/wp\/v2\/users\/2"}],"replies":[{"embeddable":true,"href":"https:\/\/rnoticias.com.mx\/Portal\/wp-json\/wp\/v2\/comments?post=242885"}],"version-history":[{"count":1,"href":"https:\/\/rnoticias.com.mx\/Portal\/wp-json\/wp\/v2\/posts\/242885\/revisions"}],"predecessor-version":[{"id":242887,"href":"https:\/\/rnoticias.com.mx\/Portal\/wp-json\/wp\/v2\/posts\/242885\/revisions\/242887"}],"wp:featuredmedia":[{"embeddable":true,"href":"https:\/\/rnoticias.com.mx\/Portal\/wp-json\/wp\/v2\/media\/242886"}],"wp:attachment":[{"href":"https:\/\/rnoticias.com.mx\/Portal\/wp-json\/wp\/v2\/media?parent=242885"}],"wp:term":[{"taxonomy":"category","embeddable":true,"href":"https:\/\/rnoticias.com.mx\/Portal\/wp-json\/wp\/v2\/categories?post=242885"},{"taxonomy":"post_tag","embeddable":true,"href":"https:\/\/rnoticias.com.mx\/Portal\/wp-json\/wp\/v2\/tags?post=242885"}],"curies":[{"name":"wp","href":"https:\/\/api.w.org\/{rel}","templated":true}]}}