{"id":242880,"date":"2026-01-28T17:06:33","date_gmt":"2026-01-29T00:06:33","guid":{"rendered":"https:\/\/rnoticias.com.mx\/Portal\/?p=242880"},"modified":"2026-01-28T17:07:31","modified_gmt":"2026-01-29T00:07:31","slug":"analizan-en-el-colegio-de-sonora-el-reto-de-la-relacion-mexico-estados-unidos-bajo-trump","status":"publish","type":"post","link":"https:\/\/rnoticias.com.mx\/Portal\/2026\/01\/28\/analizan-en-el-colegio-de-sonora-el-reto-de-la-relacion-mexico-estados-unidos-bajo-trump\/","title":{"rendered":"Analizar\u00e1n en Colegio de Sonora el reto de la relaci\u00f3n M\u00e9xico\u2013Estados Unidos bajo Trump"},"content":{"rendered":"<p>El Colegio de Sonora ser\u00e1 sede de la conferencia magistral \u201cEl reto de la relaci\u00f3n M\u00e9xico\u2013Estados Unidos en la administraci\u00f3n de Donald Trump\u201d, en la que se analizar\u00e1 el contexto actual del v\u00ednculo bilateral, marcado por la incertidumbre pol\u00edtica y econ\u00f3mica, as\u00ed como por decisiones del gobierno estadounidense que podr\u00edan impactar a ambas naciones.<\/p>\n<p>&nbsp;<\/p>\n<p>La ponencia ser\u00e1 impartida por el doctor James Gerber, profesor em\u00e9rito de Econom\u00eda de la Universidad Estatal de San Diego y miembro del Centro de Estudios Estados Unidos\u2013M\u00e9xico de la Universidad de California en San Diego.<\/p>\n<p>&nbsp;<\/p>\n<p>El especialista, explic\u00f3 que el estilo de gobernanza del presidente Donald Trump representa un reto para la estabilidad de la relaci\u00f3n entre ambos pa\u00edses.<\/p>\n<p>&nbsp;<\/p>\n<p>\u201cEs cierto que estamos en un momento muy dif\u00edcil, un momento oscuro, con mucha incertidumbre, yo voy a hablar un poco sobre el estilo de gobernanza de Trump solamente para hacer unos comentarios y poner en perspectiva la mayor\u00eda de la charla que voy a impartir\u00a0que es sobre su deseo de reiniciar un crecimiento en el sector manufacturero,\u00a0que yo creo que es una creencia equivocada, que sea posible\u201d, se\u00f1al\u00f3.<\/p>\n<p>&nbsp;<\/p>\n<p>Igualmente, el especialista dijo, abordar\u00eda sobre los posibles escenarios del T-MEC y subray\u00f3 que M\u00e9xico y Estados Unidos mantienen una integraci\u00f3n econ\u00f3mica profunda, basada en redes de producci\u00f3n que hacen inviable una ruptura sin consecuencias graves.<\/p>\n<p>&nbsp;<\/p>\n<p>Pese al momento complejo, consider\u00f3 que la relaci\u00f3n bilateral continuar\u00e1 fortaleci\u00e9ndose a largo plazo.<\/p>\n<p>&nbsp;<\/p>\n","protected":false},"excerpt":{"rendered":"<p>El Colegio de Sonora ser\u00e1 sede de la conferencia magistral \u201cEl reto de la relaci\u00f3n M\u00e9xico\u2013Estados Unidos en la administraci\u00f3n de Donald Trump\u201d, en la que se analizar\u00e1 el contexto actual del v\u00ednculo bilateral, marcado por la incertidumbre pol\u00edtica y econ\u00f3mica, as\u00ed como por decisiones del gobierno estadounidense que podr\u00edan impactar a ambas naciones. &nbsp; [&hellip;]<\/p>\n","protected":false},"author":2,"featured_media":242881,"comment_status":"closed","ping_status":"closed","sticky":false,"template":"","format":"standard","meta":{"footnotes":""},"categories":[12870,178],"tags":[12865,12869],"class_list":["post-242880","post","type-post","status-publish","format-standard","has-post-thumbnail","hentry","category-destacadas","category-local","tag-destacadas","tag-local"],"jetpack_featured_media_url":"https:\/\/rnoticias.com.mx\/Portal\/wp-content\/uploads\/2026\/01\/23s09.jpg","amp_enabled":true,"_links":{"self":[{"href":"https:\/\/rnoticias.com.mx\/Portal\/wp-json\/wp\/v2\/posts\/242880","targetHints":{"allow":["GET"]}}],"collection":[{"href":"https:\/\/rnoticias.com.mx\/Portal\/wp-json\/wp\/v2\/posts"}],"about":[{"href":"https:\/\/rnoticias.com.mx\/Portal\/wp-json\/wp\/v2\/types\/post"}],"author":[{"embeddable":true,"href":"https:\/\/rnoticias.com.mx\/Portal\/wp-json\/wp\/v2\/users\/2"}],"replies":[{"embeddable":true,"href":"https:\/\/rnoticias.com.mx\/Portal\/wp-json\/wp\/v2\/comments?post=242880"}],"version-history":[{"count":2,"href":"https:\/\/rnoticias.com.mx\/Portal\/wp-json\/wp\/v2\/posts\/242880\/revisions"}],"predecessor-version":[{"id":242884,"href":"https:\/\/rnoticias.com.mx\/Portal\/wp-json\/wp\/v2\/posts\/242880\/revisions\/242884"}],"wp:featuredmedia":[{"embeddable":true,"href":"https:\/\/rnoticias.com.mx\/Portal\/wp-json\/wp\/v2\/media\/242881"}],"wp:attachment":[{"href":"https:\/\/rnoticias.com.mx\/Portal\/wp-json\/wp\/v2\/media?parent=242880"}],"wp:term":[{"taxonomy":"category","embeddable":true,"href":"https:\/\/rnoticias.com.mx\/Portal\/wp-json\/wp\/v2\/categories?post=242880"},{"taxonomy":"post_tag","embeddable":true,"href":"https:\/\/rnoticias.com.mx\/Portal\/wp-json\/wp\/v2\/tags?post=242880"}],"curies":[{"name":"wp","href":"https:\/\/api.w.org\/{rel}","templated":true}]}}