{"id":242862,"date":"2026-01-28T14:50:22","date_gmt":"2026-01-28T21:50:22","guid":{"rendered":"https:\/\/rnoticias.com.mx\/Portal\/?p=242862"},"modified":"2026-01-28T14:50:22","modified_gmt":"2026-01-28T21:50:22","slug":"participaran-estudiantes-de-la-normal-del-estado-en-el-faot-2026-gobierno-de-sonora","status":"publish","type":"post","link":"https:\/\/rnoticias.com.mx\/Portal\/2026\/01\/28\/participaran-estudiantes-de-la-normal-del-estado-en-el-faot-2026-gobierno-de-sonora\/","title":{"rendered":"Participar\u00e1n estudiantes de la Normal del Estado en el FAOT 2026: Gobierno de Sonora"},"content":{"rendered":"<p>Hermosillo, Sonora; 28 de enero de 2026 \u2013 Con un recorrido por los bailes t\u00edpicos de diversas regiones del pa\u00eds, estudiantes de la Benem\u00e9rita y Centenaria Escuela Normal del Estado de Sonora \u201cProf. Jes\u00fas Manuel Bustamante Mungarro\u201d (Bycenes) se presentar\u00e1n en el Festival Alfonso Ortiz Tirado (FAOT) 2026.<\/p>\n<p>Brenda Cuevas Palacios, directora del grupo de danza Huitzil\u00edn, de la Bycenes, inform\u00f3 que 23 alumnas y alumnos participar\u00e1n en el espect\u00e1culo \u201cDe norte a sur: un viaje a trav\u00e9s del folclor\u201d, como parte de la cartelera de la edici\u00f3n 41 del evento, en \u00c1lamos, Sonora.<\/p>\n<p>Destac\u00f3 que las y los futuros docentes que integran el grupo se han preparado con seis repertorios: danzas del Venado, Nuevo Le\u00f3n, Taspana (Sinaloa), Jalisco, Veracruz y Bronco (Sonora).<\/p>\n<p>\u201cParticipar en este importante festival representa una experiencia llena de orgullo, alegr\u00eda y compromiso con nuestras tradiciones, ya que nos permite compartir el trabajo, la pasi\u00f3n y el amor por la danza que nos une como grupo. Nos sentimos honrados de pisar este escenario tan significativo\u201d, expres\u00f3 Cuevas Palacios.<\/p>\n<p>En sus m\u00e1s de tres a\u00f1os de trayectoria, Huitzil\u00edn se ha presentado en escenarios regionales y nacionales, como los festivales Sonora Folk y Sinaloa Folk, as\u00ed como en el Festival Nacional de Normalismo \u201cCalpulli\u201d, realizado en Veracruz y Aguascalientes.<\/p>\n","protected":false},"excerpt":{"rendered":"<p>Hermosillo, Sonora; 28 de enero de 2026 \u2013 Con un recorrido por los bailes t\u00edpicos de diversas regiones del pa\u00eds, estudiantes de la Benem\u00e9rita y Centenaria Escuela Normal del Estado de Sonora \u201cProf. Jes\u00fas Manuel Bustamante Mungarro\u201d (Bycenes) se presentar\u00e1n en el Festival Alfonso Ortiz Tirado (FAOT) 2026. Brenda Cuevas Palacios, directora del grupo de [&hellip;]<\/p>\n","protected":false},"author":2,"featured_media":242863,"comment_status":"closed","ping_status":"closed","sticky":false,"template":"","format":"standard","meta":{"footnotes":""},"categories":[12870,174],"tags":[12865,12873],"class_list":["post-242862","post","type-post","status-publish","format-standard","has-post-thumbnail","hentry","category-destacadas","category-estatal","tag-destacadas","tag-estatal"],"jetpack_featured_media_url":"https:\/\/rnoticias.com.mx\/Portal\/wp-content\/uploads\/2026\/01\/unnamed-1-34.jpg","amp_enabled":true,"_links":{"self":[{"href":"https:\/\/rnoticias.com.mx\/Portal\/wp-json\/wp\/v2\/posts\/242862","targetHints":{"allow":["GET"]}}],"collection":[{"href":"https:\/\/rnoticias.com.mx\/Portal\/wp-json\/wp\/v2\/posts"}],"about":[{"href":"https:\/\/rnoticias.com.mx\/Portal\/wp-json\/wp\/v2\/types\/post"}],"author":[{"embeddable":true,"href":"https:\/\/rnoticias.com.mx\/Portal\/wp-json\/wp\/v2\/users\/2"}],"replies":[{"embeddable":true,"href":"https:\/\/rnoticias.com.mx\/Portal\/wp-json\/wp\/v2\/comments?post=242862"}],"version-history":[{"count":1,"href":"https:\/\/rnoticias.com.mx\/Portal\/wp-json\/wp\/v2\/posts\/242862\/revisions"}],"predecessor-version":[{"id":242864,"href":"https:\/\/rnoticias.com.mx\/Portal\/wp-json\/wp\/v2\/posts\/242862\/revisions\/242864"}],"wp:featuredmedia":[{"embeddable":true,"href":"https:\/\/rnoticias.com.mx\/Portal\/wp-json\/wp\/v2\/media\/242863"}],"wp:attachment":[{"href":"https:\/\/rnoticias.com.mx\/Portal\/wp-json\/wp\/v2\/media?parent=242862"}],"wp:term":[{"taxonomy":"category","embeddable":true,"href":"https:\/\/rnoticias.com.mx\/Portal\/wp-json\/wp\/v2\/categories?post=242862"},{"taxonomy":"post_tag","embeddable":true,"href":"https:\/\/rnoticias.com.mx\/Portal\/wp-json\/wp\/v2\/tags?post=242862"}],"curies":[{"name":"wp","href":"https:\/\/api.w.org\/{rel}","templated":true}]}}