{"id":242856,"date":"2026-01-28T13:23:54","date_gmt":"2026-01-28T20:23:54","guid":{"rendered":"https:\/\/rnoticias.com.mx\/Portal\/?p=242856"},"modified":"2026-01-28T13:23:54","modified_gmt":"2026-01-28T20:23:54","slug":"detienen-al-maquinista-del-tren-interoceanico-que-se-descarrilo-en-oaxaca","status":"publish","type":"post","link":"https:\/\/rnoticias.com.mx\/Portal\/2026\/01\/28\/detienen-al-maquinista-del-tren-interoceanico-que-se-descarrilo-en-oaxaca\/","title":{"rendered":"Detienen al maquinista del Tren Interoce\u00e1nico que se descarril\u00f3 en Oaxaca"},"content":{"rendered":"<p>Se report\u00f3 la detenci\u00f3n de Felipe de Jes\u00fas \u201cN\u201d, identificado como presunto\u00a0<strong>maquinista<\/strong>\u00a0del\u00a0<strong>Tren Interoce\u00e1nico<\/strong>, que se descarril\u00f3 el pasado 28 de diciembre y fallecieron\u00a0<strong>14 personas.<\/strong><\/p>\n<p>Seg\u00fan el\u00a0<strong>Registro Nacional de Detenciones<\/strong>, el hombre fue detenido en un domicilio ubicado en la colonia Pakalna, del municipio de Palenque, el lunes 26 de enero a las 9:20 de la ma\u00f1ana.<\/p>\n<p>Asimismo,\u00a0<strong>Felipe de Jes\u00fas \u201cN\u201d se encuentra en instalaciones de la Fiscal\u00eda General de la Rep\u00fablica (FGR) de\u00a0Tuxtla Guti\u00e9rrez,<\/strong>\u00a0se\u00f1ala el reporte.<\/p>\n<p>Cabe subrayar que la\u00a0<strong>FGR<\/strong>\u00a0inform\u00f3 que las investigaciones sobre el descarrilamiento\u00a0apuntan a que el responsable del accidente fue el\u00a0<strong>maquinista<\/strong>\u00a0debido a un exceso de velocidad en el tren.<\/p>\n<p>&nbsp;<\/p>\n<p>Fuente: Latinus<\/p>\n","protected":false},"excerpt":{"rendered":"<p>Se report\u00f3 la detenci\u00f3n de Felipe de Jes\u00fas \u201cN\u201d, identificado como presunto\u00a0maquinista\u00a0del\u00a0Tren Interoce\u00e1nico, que se descarril\u00f3 el pasado 28 de diciembre y fallecieron\u00a014 personas. Seg\u00fan el\u00a0Registro Nacional de Detenciones, el hombre fue detenido en un domicilio ubicado en la colonia Pakalna, del municipio de Palenque, el lunes 26 de enero a las 9:20 de la [&hellip;]<\/p>\n","protected":false},"author":2,"featured_media":242857,"comment_status":"closed","ping_status":"closed","sticky":false,"template":"","format":"standard","meta":{"footnotes":""},"categories":[12870,172],"tags":[12865,12874],"class_list":["post-242856","post","type-post","status-publish","format-standard","has-post-thumbnail","hentry","category-destacadas","category-nacional","tag-destacadas","tag-nacional"],"jetpack_featured_media_url":"https:\/\/rnoticias.com.mx\/Portal\/wp-content\/uploads\/2026\/01\/20-2.jpg","amp_enabled":true,"_links":{"self":[{"href":"https:\/\/rnoticias.com.mx\/Portal\/wp-json\/wp\/v2\/posts\/242856","targetHints":{"allow":["GET"]}}],"collection":[{"href":"https:\/\/rnoticias.com.mx\/Portal\/wp-json\/wp\/v2\/posts"}],"about":[{"href":"https:\/\/rnoticias.com.mx\/Portal\/wp-json\/wp\/v2\/types\/post"}],"author":[{"embeddable":true,"href":"https:\/\/rnoticias.com.mx\/Portal\/wp-json\/wp\/v2\/users\/2"}],"replies":[{"embeddable":true,"href":"https:\/\/rnoticias.com.mx\/Portal\/wp-json\/wp\/v2\/comments?post=242856"}],"version-history":[{"count":1,"href":"https:\/\/rnoticias.com.mx\/Portal\/wp-json\/wp\/v2\/posts\/242856\/revisions"}],"predecessor-version":[{"id":242858,"href":"https:\/\/rnoticias.com.mx\/Portal\/wp-json\/wp\/v2\/posts\/242856\/revisions\/242858"}],"wp:featuredmedia":[{"embeddable":true,"href":"https:\/\/rnoticias.com.mx\/Portal\/wp-json\/wp\/v2\/media\/242857"}],"wp:attachment":[{"href":"https:\/\/rnoticias.com.mx\/Portal\/wp-json\/wp\/v2\/media?parent=242856"}],"wp:term":[{"taxonomy":"category","embeddable":true,"href":"https:\/\/rnoticias.com.mx\/Portal\/wp-json\/wp\/v2\/categories?post=242856"},{"taxonomy":"post_tag","embeddable":true,"href":"https:\/\/rnoticias.com.mx\/Portal\/wp-json\/wp\/v2\/tags?post=242856"}],"curies":[{"name":"wp","href":"https:\/\/api.w.org\/{rel}","templated":true}]}}