{"id":242810,"date":"2026-01-27T17:05:44","date_gmt":"2026-01-28T00:05:44","guid":{"rendered":"https:\/\/rnoticias.com.mx\/Portal\/?p=242810"},"modified":"2026-01-27T17:05:44","modified_gmt":"2026-01-28T00:05:44","slug":"14-jugadores-se-perderan-la-ultima-jornada-de-champions-por-sancion","status":"publish","type":"post","link":"https:\/\/rnoticias.com.mx\/Portal\/2026\/01\/27\/14-jugadores-se-perderan-la-ultima-jornada-de-champions-por-sancion\/","title":{"rendered":"14 jugadores se perder\u00e1n la \u00faltima jornada de Champions por sanci\u00f3n"},"content":{"rendered":"<p>Un total de 1<strong>4 jugadores se perder\u00e1n la \u00faltima jornada de la primera fase de la Champions League\u00a0<\/strong>por acumulaci\u00f3n de tarjetas o expulsi\u00f3n, en tanto que 71 est\u00e1n apercibidos de sanci\u00f3n.<\/p>\n<p><strong>Rodri Hern\u00e1ndez (Manchester City), Kim Minjae (Bayern M\u00fanich), Daniel Svenson (Borussia Dortmund), Frenkie de Jong (Barcelona)<\/strong>, Mikel Merino y Declan Rice (Arsenal), Santiago Mouri\u00f1o (Villarreal), Yarek Gasiorowski (PSV), Benjamin Pavard (Marsella), Thomas Delaney (Copenhague), Metehan Baltaci (Galatasaray), Promise David (Union Saint-Gilloise), Mikel Jaureguizar (Athletic) e Ivan Sunjic (Pafos) ser\u00e1n los que se perder\u00e1n este \u00faltimo encuentro por cuestiones disciplinarias.<\/p>\n<p>En cuanto a los apercibidos, el\u00a0<strong>Real Madrid tiene al ingl\u00e9s Jude Bellingham, el Barcelona a Marc Casad\u00f3, Ferm\u00edn L\u00f3pez y Gerard Mart\u00edn<\/strong>, el Atl\u00e9tico de Madrid a Pablo Barrios, Robin Le Normand, Clement Lenglet, Giuliano Simeone y al t\u00e9cnico Diego Pablo Simeone, y el Villarreal a Renato Veiga, Alfonso Pedraza y al entrenador Marcelino Garc\u00eda Toral (entrenador).<\/p>\n","protected":false},"excerpt":{"rendered":"<p>Un total de 14 jugadores se perder\u00e1n la \u00faltima jornada de la primera fase de la Champions League\u00a0por acumulaci\u00f3n de tarjetas o expulsi\u00f3n, en tanto que 71 est\u00e1n apercibidos de sanci\u00f3n. Rodri Hern\u00e1ndez (Manchester City), Kim Minjae (Bayern M\u00fanich), Daniel Svenson (Borussia Dortmund), Frenkie de Jong (Barcelona), Mikel Merino y Declan Rice (Arsenal), Santiago Mouri\u00f1o [&hellip;]<\/p>\n","protected":false},"author":2,"featured_media":242811,"comment_status":"closed","ping_status":"closed","sticky":false,"template":"","format":"standard","meta":{"footnotes":""},"categories":[188,12870],"tags":[5231,12865],"class_list":["post-242810","post","type-post","status-publish","format-standard","has-post-thumbnail","hentry","category-deportes","category-destacadas","tag-deportes","tag-destacadas"],"jetpack_featured_media_url":"https:\/\/rnoticias.com.mx\/Portal\/wp-content\/uploads\/2026\/01\/22_vinicius.jpg","amp_enabled":true,"_links":{"self":[{"href":"https:\/\/rnoticias.com.mx\/Portal\/wp-json\/wp\/v2\/posts\/242810","targetHints":{"allow":["GET"]}}],"collection":[{"href":"https:\/\/rnoticias.com.mx\/Portal\/wp-json\/wp\/v2\/posts"}],"about":[{"href":"https:\/\/rnoticias.com.mx\/Portal\/wp-json\/wp\/v2\/types\/post"}],"author":[{"embeddable":true,"href":"https:\/\/rnoticias.com.mx\/Portal\/wp-json\/wp\/v2\/users\/2"}],"replies":[{"embeddable":true,"href":"https:\/\/rnoticias.com.mx\/Portal\/wp-json\/wp\/v2\/comments?post=242810"}],"version-history":[{"count":1,"href":"https:\/\/rnoticias.com.mx\/Portal\/wp-json\/wp\/v2\/posts\/242810\/revisions"}],"predecessor-version":[{"id":242812,"href":"https:\/\/rnoticias.com.mx\/Portal\/wp-json\/wp\/v2\/posts\/242810\/revisions\/242812"}],"wp:featuredmedia":[{"embeddable":true,"href":"https:\/\/rnoticias.com.mx\/Portal\/wp-json\/wp\/v2\/media\/242811"}],"wp:attachment":[{"href":"https:\/\/rnoticias.com.mx\/Portal\/wp-json\/wp\/v2\/media?parent=242810"}],"wp:term":[{"taxonomy":"category","embeddable":true,"href":"https:\/\/rnoticias.com.mx\/Portal\/wp-json\/wp\/v2\/categories?post=242810"},{"taxonomy":"post_tag","embeddable":true,"href":"https:\/\/rnoticias.com.mx\/Portal\/wp-json\/wp\/v2\/tags?post=242810"}],"curies":[{"name":"wp","href":"https:\/\/api.w.org\/{rel}","templated":true}]}}