{"id":242807,"date":"2026-01-27T17:03:13","date_gmt":"2026-01-28T00:03:13","guid":{"rendered":"https:\/\/rnoticias.com.mx\/Portal\/?p=242807"},"modified":"2026-01-27T17:03:13","modified_gmt":"2026-01-28T00:03:13","slug":"quiere-macron-prohibicion-de-redes-sociales-en-francia-antes-de-septiembre","status":"publish","type":"post","link":"https:\/\/rnoticias.com.mx\/Portal\/2026\/01\/27\/quiere-macron-prohibicion-de-redes-sociales-en-francia-antes-de-septiembre\/","title":{"rendered":"Quiere Macron prohibici\u00f3n de redes sociales en Francia antes de septiembre"},"content":{"rendered":"<p dir=\"ltr\">Esto debido a que quiere que la prohibici\u00f3n de redes sociales como el uso de celular en las escuelas, quede prohibido antes del nuevo ciclo escolar.<\/p>\n<p dir=\"ltr\">En una entrevista, Emmanuel Macron declar\u00f3: \u201cEl cerebro de nuestros ni\u00f1os no est\u00e1 en venta, sus emociones no est\u00e1n en venta ni se pueden manipular, ni por plataformas estadounidenses ni por algoritmos chinos\u201d.<\/p>\n<p dir=\"ltr\">El presidente de Francia mencion\u00f3 que los celulares tambi\u00e9n estar\u00e1n prohibidos y lanz\u00f3 un fuerte mensaje: \u201cCreo que esta es una norma clara: clara para nuestros adolescentes, clara para las familias, clara para el profesorado\u201d.<\/p>\n<p dir=\"ltr\">Dijo que para lograr la prohibici\u00f3n a menores de edad se buscar\u00e1 que las redes sociales tengan una verificaci\u00f3n de edad real para acceder a ellas.<\/p>\n<p>&nbsp;<\/p>\n","protected":false},"excerpt":{"rendered":"<p>Esto debido a que quiere que la prohibici\u00f3n de redes sociales como el uso de celular en las escuelas, quede prohibido antes del nuevo ciclo escolar. En una entrevista, Emmanuel Macron declar\u00f3: \u201cEl cerebro de nuestros ni\u00f1os no est\u00e1 en venta, sus emociones no est\u00e1n en venta ni se pueden manipular, ni por plataformas estadounidenses [&hellip;]<\/p>\n","protected":false},"author":2,"featured_media":242808,"comment_status":"closed","ping_status":"closed","sticky":false,"template":"","format":"standard","meta":{"footnotes":""},"categories":[12870,182],"tags":[12865,12871],"class_list":["post-242807","post","type-post","status-publish","format-standard","has-post-thumbnail","hentry","category-destacadas","category-internacional","tag-destacadas","tag-internacional"],"jetpack_featured_media_url":"https:\/\/rnoticias.com.mx\/Portal\/wp-content\/uploads\/2026\/01\/9825d811c7e703198cafb51b3a0ff44a.webp","amp_enabled":true,"_links":{"self":[{"href":"https:\/\/rnoticias.com.mx\/Portal\/wp-json\/wp\/v2\/posts\/242807","targetHints":{"allow":["GET"]}}],"collection":[{"href":"https:\/\/rnoticias.com.mx\/Portal\/wp-json\/wp\/v2\/posts"}],"about":[{"href":"https:\/\/rnoticias.com.mx\/Portal\/wp-json\/wp\/v2\/types\/post"}],"author":[{"embeddable":true,"href":"https:\/\/rnoticias.com.mx\/Portal\/wp-json\/wp\/v2\/users\/2"}],"replies":[{"embeddable":true,"href":"https:\/\/rnoticias.com.mx\/Portal\/wp-json\/wp\/v2\/comments?post=242807"}],"version-history":[{"count":1,"href":"https:\/\/rnoticias.com.mx\/Portal\/wp-json\/wp\/v2\/posts\/242807\/revisions"}],"predecessor-version":[{"id":242809,"href":"https:\/\/rnoticias.com.mx\/Portal\/wp-json\/wp\/v2\/posts\/242807\/revisions\/242809"}],"wp:featuredmedia":[{"embeddable":true,"href":"https:\/\/rnoticias.com.mx\/Portal\/wp-json\/wp\/v2\/media\/242808"}],"wp:attachment":[{"href":"https:\/\/rnoticias.com.mx\/Portal\/wp-json\/wp\/v2\/media?parent=242807"}],"wp:term":[{"taxonomy":"category","embeddable":true,"href":"https:\/\/rnoticias.com.mx\/Portal\/wp-json\/wp\/v2\/categories?post=242807"},{"taxonomy":"post_tag","embeddable":true,"href":"https:\/\/rnoticias.com.mx\/Portal\/wp-json\/wp\/v2\/tags?post=242807"}],"curies":[{"name":"wp","href":"https:\/\/api.w.org\/{rel}","templated":true}]}}