{"id":242804,"date":"2026-01-27T17:01:40","date_gmt":"2026-01-28T00:01:40","guid":{"rendered":"https:\/\/rnoticias.com.mx\/Portal\/?p=242804"},"modified":"2026-01-27T17:01:40","modified_gmt":"2026-01-28T00:01:40","slug":"detienen-a-exvicepresidente-de-panama-por-presunta-corrupcion","status":"publish","type":"post","link":"https:\/\/rnoticias.com.mx\/Portal\/2026\/01\/27\/detienen-a-exvicepresidente-de-panama-por-presunta-corrupcion\/","title":{"rendered":"Detienen a exvicepresidente de Panam\u00e1 por presunta corrupci\u00f3n"},"content":{"rendered":"<p>Carrizo, de 42 a\u00f1os de edad, tambi\u00e9n fue ministro de la Presidencia durante el gobierno de Laurentino Cortizo, periodo en el que particip\u00f3 como candidato presidencial en las elecciones de mayo de 2024. Al enterarse de la orden judicial, decidi\u00f3 regresar voluntariamente a Panam\u00e1 para presentarse ante las autoridades.<\/p>\n<p>Antes de su detenci\u00f3n, el exfuncionario difundi\u00f3 un video en redes sociales donde afirm\u00f3 que conoci\u00f3 del proceso legal a trav\u00e9s de los medios de comunicaci\u00f3n y asegur\u00f3 que regresar\u00eda al pa\u00eds para enfrentar la situaci\u00f3n. En el mensaje sostuvo que es inocente y neg\u00f3 haber incurrido en enriquecimiento injustificado.<\/p>\n<p>Carrizo explic\u00f3 que ese mismo d\u00eda estaba programada su toma de protesta como diputado del Parlamento Centroamericano, acto que no se llev\u00f3 a cabo. De haberse realizado, habr\u00eda obtenido inmunidad legal, sin embargo, opt\u00f3 por viajar de inmediato.<\/p>\n<p>A su llegada al Aeropuerto Internacional de Tocumen, en Ciudad de Panam\u00e1, fue detenido por agentes de la Direcci\u00f3n de Investigaciones Judiciales y trasladado esposado ante las autoridades. Durante el traslado, declar\u00f3 a medios de comunicaci\u00f3n que decidi\u00f3 no asumir el cargo en el Parlacen y enfrentar el proceso legal.<\/p>\n","protected":false},"excerpt":{"rendered":"<p>Carrizo, de 42 a\u00f1os de edad, tambi\u00e9n fue ministro de la Presidencia durante el gobierno de Laurentino Cortizo, periodo en el que particip\u00f3 como candidato presidencial en las elecciones de mayo de 2024. Al enterarse de la orden judicial, decidi\u00f3 regresar voluntariamente a Panam\u00e1 para presentarse ante las autoridades. Antes de su detenci\u00f3n, el exfuncionario [&hellip;]<\/p>\n","protected":false},"author":2,"featured_media":242805,"comment_status":"closed","ping_status":"closed","sticky":false,"template":"","format":"standard","meta":{"footnotes":""},"categories":[12870,182],"tags":[12865,12871],"class_list":["post-242804","post","type-post","status-publish","format-standard","has-post-thumbnail","hentry","category-destacadas","category-internacional","tag-destacadas","tag-internacional"],"jetpack_featured_media_url":"https:\/\/rnoticias.com.mx\/Portal\/wp-content\/uploads\/2026\/01\/diseno-sin-titulo.png","amp_enabled":true,"_links":{"self":[{"href":"https:\/\/rnoticias.com.mx\/Portal\/wp-json\/wp\/v2\/posts\/242804","targetHints":{"allow":["GET"]}}],"collection":[{"href":"https:\/\/rnoticias.com.mx\/Portal\/wp-json\/wp\/v2\/posts"}],"about":[{"href":"https:\/\/rnoticias.com.mx\/Portal\/wp-json\/wp\/v2\/types\/post"}],"author":[{"embeddable":true,"href":"https:\/\/rnoticias.com.mx\/Portal\/wp-json\/wp\/v2\/users\/2"}],"replies":[{"embeddable":true,"href":"https:\/\/rnoticias.com.mx\/Portal\/wp-json\/wp\/v2\/comments?post=242804"}],"version-history":[{"count":1,"href":"https:\/\/rnoticias.com.mx\/Portal\/wp-json\/wp\/v2\/posts\/242804\/revisions"}],"predecessor-version":[{"id":242806,"href":"https:\/\/rnoticias.com.mx\/Portal\/wp-json\/wp\/v2\/posts\/242804\/revisions\/242806"}],"wp:featuredmedia":[{"embeddable":true,"href":"https:\/\/rnoticias.com.mx\/Portal\/wp-json\/wp\/v2\/media\/242805"}],"wp:attachment":[{"href":"https:\/\/rnoticias.com.mx\/Portal\/wp-json\/wp\/v2\/media?parent=242804"}],"wp:term":[{"taxonomy":"category","embeddable":true,"href":"https:\/\/rnoticias.com.mx\/Portal\/wp-json\/wp\/v2\/categories?post=242804"},{"taxonomy":"post_tag","embeddable":true,"href":"https:\/\/rnoticias.com.mx\/Portal\/wp-json\/wp\/v2\/tags?post=242804"}],"curies":[{"name":"wp","href":"https:\/\/api.w.org\/{rel}","templated":true}]}}