{"id":242794,"date":"2026-01-27T16:06:25","date_gmt":"2026-01-27T23:06:25","guid":{"rendered":"https:\/\/rnoticias.com.mx\/Portal\/?p=242794"},"modified":"2026-01-27T16:06:25","modified_gmt":"2026-01-27T23:06:25","slug":"manifestaciones-persisten-en-mineapolis-ante-salida-de-agentes-del-ice","status":"publish","type":"post","link":"https:\/\/rnoticias.com.mx\/Portal\/2026\/01\/27\/manifestaciones-persisten-en-mineapolis-ante-salida-de-agentes-del-ice\/","title":{"rendered":"Manifestaciones persisten en Mine\u00e1polis ante salida de agentes del ICE"},"content":{"rendered":"<p>Habitantes de\u00a0<strong>Mine\u00e1polis<\/strong>, en Minesota,\u00a0<strong>Estados Unidos<\/strong>, mantienen este martes vigilias para honrar a\u00a0<strong>Alex Pretti<\/strong>, abatido a tiros el s\u00e1bado por\u00a0<strong>agentes federales de inmigraci\u00f3n<\/strong>, y demandar justicia despu\u00e9s de que se anunciara que el pol\u00e9mico comandante de la\u00a0<strong>Patrulla Fronteriza<\/strong>, Greg Bovino, dejar\u00e1 de liderar el despliegue en la ciudad.<\/p>\n<p>La muerte de Pretti, la segunda de un manifestante en las protestas contra las redadas migratorias en Mine\u00e1polis tras la de\u00a0<strong>Ren\u00e9e Good<\/strong>\u00a0el 7 de enero, ha generado una ola de\u00a0<strong>indignaci\u00f3n<\/strong>\u00a0en el pa\u00eds que ha forzado a la\u00a0<strong>Casa Blanca<\/strong>\u00a0a reajustar el operativo.<\/p>\n<p>El presidente estadounidense,\u00a0<strong>Donald Trump<\/strong>, anunci\u00f3 el lunes el env\u00edo a la zona de su\u00a0<strong>&#8216;zar&#8217; para la frontera<\/strong>, Tom Homan, relevando a Bovino, quien se hab\u00eda convertido en el rostro de las agresivas\u00a0<strong>redadas<\/strong>\u00a0en la ciudad y de la represi\u00f3n contra los manifestantes que protestan contra esos operativos.<\/p>\n<p>Con la llegada de Homan a la ciudad, anunciada por Trump, tambi\u00e9n se espera que gran parte de los 3.000 agentes federales de migraci\u00f3n movilizados en Mine\u00e1polis sean retirados de la ciudad en las siguientes horas, mientras los\u00a0<strong>manifestantes<\/strong>\u00a0persisten concentr\u00e1ndose cerca de los hoteles donde se presume que la mayor\u00eda de los oficiales han sido instalados.<\/p>\n","protected":false},"excerpt":{"rendered":"<p>Habitantes de\u00a0Mine\u00e1polis, en Minesota,\u00a0Estados Unidos, mantienen este martes vigilias para honrar a\u00a0Alex Pretti, abatido a tiros el s\u00e1bado por\u00a0agentes federales de inmigraci\u00f3n, y demandar justicia despu\u00e9s de que se anunciara que el pol\u00e9mico comandante de la\u00a0Patrulla Fronteriza, Greg Bovino, dejar\u00e1 de liderar el despliegue en la ciudad. La muerte de Pretti, la segunda de un [&hellip;]<\/p>\n","protected":false},"author":2,"featured_media":242795,"comment_status":"closed","ping_status":"closed","sticky":false,"template":"","format":"standard","meta":{"footnotes":""},"categories":[12870,182],"tags":[12865,12871],"class_list":["post-242794","post","type-post","status-publish","format-standard","has-post-thumbnail","hentry","category-destacadas","category-internacional","tag-destacadas","tag-internacional"],"jetpack_featured_media_url":"https:\/\/rnoticias.com.mx\/Portal\/wp-content\/uploads\/2026\/01\/921.jpg","amp_enabled":true,"_links":{"self":[{"href":"https:\/\/rnoticias.com.mx\/Portal\/wp-json\/wp\/v2\/posts\/242794","targetHints":{"allow":["GET"]}}],"collection":[{"href":"https:\/\/rnoticias.com.mx\/Portal\/wp-json\/wp\/v2\/posts"}],"about":[{"href":"https:\/\/rnoticias.com.mx\/Portal\/wp-json\/wp\/v2\/types\/post"}],"author":[{"embeddable":true,"href":"https:\/\/rnoticias.com.mx\/Portal\/wp-json\/wp\/v2\/users\/2"}],"replies":[{"embeddable":true,"href":"https:\/\/rnoticias.com.mx\/Portal\/wp-json\/wp\/v2\/comments?post=242794"}],"version-history":[{"count":1,"href":"https:\/\/rnoticias.com.mx\/Portal\/wp-json\/wp\/v2\/posts\/242794\/revisions"}],"predecessor-version":[{"id":242796,"href":"https:\/\/rnoticias.com.mx\/Portal\/wp-json\/wp\/v2\/posts\/242794\/revisions\/242796"}],"wp:featuredmedia":[{"embeddable":true,"href":"https:\/\/rnoticias.com.mx\/Portal\/wp-json\/wp\/v2\/media\/242795"}],"wp:attachment":[{"href":"https:\/\/rnoticias.com.mx\/Portal\/wp-json\/wp\/v2\/media?parent=242794"}],"wp:term":[{"taxonomy":"category","embeddable":true,"href":"https:\/\/rnoticias.com.mx\/Portal\/wp-json\/wp\/v2\/categories?post=242794"},{"taxonomy":"post_tag","embeddable":true,"href":"https:\/\/rnoticias.com.mx\/Portal\/wp-json\/wp\/v2\/tags?post=242794"}],"curies":[{"name":"wp","href":"https:\/\/api.w.org\/{rel}","templated":true}]}}