{"id":242791,"date":"2026-01-27T16:04:28","date_gmt":"2026-01-27T23:04:28","guid":{"rendered":"https:\/\/rnoticias.com.mx\/Portal\/?p=242791"},"modified":"2026-01-27T16:04:28","modified_gmt":"2026-01-27T23:04:28","slug":"ajustan-semaforos-en-colosio-y-solidaridad-por-nuevo-paso-a-desnivel","status":"publish","type":"post","link":"https:\/\/rnoticias.com.mx\/Portal\/2026\/01\/27\/ajustan-semaforos-en-colosio-y-solidaridad-por-nuevo-paso-a-desnivel\/","title":{"rendered":"Ajustan sem\u00e1foros en Colosio y Solidaridad por nuevo paso a desnivel"},"content":{"rendered":"<p>Hermosillo, Sonora. Tras la apertura del paso a desnivel en el cruce de los bulevares Colosio y Solidaridad, el Ayuntamiento de Hermosillo realiz\u00f3 ajustes en la red de sem\u00e1foros del \u00e1rea para mejorar la circulaci\u00f3n vehicular al poniente de la ciudad, luego de detectar desfases en los primeros d\u00edas de operaci\u00f3n.<\/p>\n<p>&nbsp;<\/p>\n<p>El director de Vialidad y Semaforizaci\u00f3n, Samuel Chenoweth, explic\u00f3 que el comportamiento real de los automovilistas fue distinto a los escenarios previstos, principalmente por la incorporaci\u00f3n de veh\u00edculos desde vialidades secundarias, lo que gener\u00f3 concentraciones inesperadas.<\/p>\n<p>&nbsp;<\/p>\n<p>\u201cPersonal t\u00e9cnico trabaj\u00f3 de manera continua, incluso durante la madrugada, para modificar segundos en los tiempos semaf\u00f3ricos y sincronizar fases conforme a la demanda\u201d, asever\u00f3.<\/p>\n<p>&nbsp;<\/p>\n<p>Indic\u00f3 que ya se observan mejoras en esa obra, incluso en los ajustes que abarcan corredores como Sahuaripa, Quiroga, Navarrete y Solidaridad, y ante ello, pidi\u00f3 paciencia a la ciudadan\u00eda durante el periodo de adaptaci\u00f3n.<\/p>\n<p>&nbsp;<\/p>\n","protected":false},"excerpt":{"rendered":"<p>Hermosillo, Sonora. Tras la apertura del paso a desnivel en el cruce de los bulevares Colosio y Solidaridad, el Ayuntamiento de Hermosillo realiz\u00f3 ajustes en la red de sem\u00e1foros del \u00e1rea para mejorar la circulaci\u00f3n vehicular al poniente de la ciudad, luego de detectar desfases en los primeros d\u00edas de operaci\u00f3n. &nbsp; El director de [&hellip;]<\/p>\n","protected":false},"author":2,"featured_media":242792,"comment_status":"closed","ping_status":"closed","sticky":false,"template":"","format":"standard","meta":{"footnotes":""},"categories":[12870,178],"tags":[12865,12869],"class_list":["post-242791","post","type-post","status-publish","format-standard","has-post-thumbnail","hentry","category-destacadas","category-local","tag-destacadas","tag-local"],"jetpack_featured_media_url":"https:\/\/rnoticias.com.mx\/Portal\/wp-content\/uploads\/2026\/01\/980.jpg","amp_enabled":true,"_links":{"self":[{"href":"https:\/\/rnoticias.com.mx\/Portal\/wp-json\/wp\/v2\/posts\/242791","targetHints":{"allow":["GET"]}}],"collection":[{"href":"https:\/\/rnoticias.com.mx\/Portal\/wp-json\/wp\/v2\/posts"}],"about":[{"href":"https:\/\/rnoticias.com.mx\/Portal\/wp-json\/wp\/v2\/types\/post"}],"author":[{"embeddable":true,"href":"https:\/\/rnoticias.com.mx\/Portal\/wp-json\/wp\/v2\/users\/2"}],"replies":[{"embeddable":true,"href":"https:\/\/rnoticias.com.mx\/Portal\/wp-json\/wp\/v2\/comments?post=242791"}],"version-history":[{"count":1,"href":"https:\/\/rnoticias.com.mx\/Portal\/wp-json\/wp\/v2\/posts\/242791\/revisions"}],"predecessor-version":[{"id":242793,"href":"https:\/\/rnoticias.com.mx\/Portal\/wp-json\/wp\/v2\/posts\/242791\/revisions\/242793"}],"wp:featuredmedia":[{"embeddable":true,"href":"https:\/\/rnoticias.com.mx\/Portal\/wp-json\/wp\/v2\/media\/242792"}],"wp:attachment":[{"href":"https:\/\/rnoticias.com.mx\/Portal\/wp-json\/wp\/v2\/media?parent=242791"}],"wp:term":[{"taxonomy":"category","embeddable":true,"href":"https:\/\/rnoticias.com.mx\/Portal\/wp-json\/wp\/v2\/categories?post=242791"},{"taxonomy":"post_tag","embeddable":true,"href":"https:\/\/rnoticias.com.mx\/Portal\/wp-json\/wp\/v2\/tags?post=242791"}],"curies":[{"name":"wp","href":"https:\/\/api.w.org\/{rel}","templated":true}]}}