{"id":242781,"date":"2026-01-27T15:59:07","date_gmt":"2026-01-27T22:59:07","guid":{"rendered":"https:\/\/rnoticias.com.mx\/Portal\/?p=242781"},"modified":"2026-01-27T15:59:07","modified_gmt":"2026-01-27T22:59:07","slug":"mantiene-union-de-usuarios-llamado-a-mantenimiento-permanente-a-transformadores-del-centro-de-hermosillo","status":"publish","type":"post","link":"https:\/\/rnoticias.com.mx\/Portal\/2026\/01\/27\/mantiene-union-de-usuarios-llamado-a-mantenimiento-permanente-a-transformadores-del-centro-de-hermosillo\/","title":{"rendered":"Mantiene Uni\u00f3n de Usuarios llamado a mantenimiento permanente a transformadores del Centro de Hermosillo"},"content":{"rendered":"<p>El dirigente de la Uni\u00f3n de Usuarios de Hermosillo, Ignacio Peinado Luna, advirti\u00f3 sobre la importancia de mantener en \u00f3ptimas condiciones los transformadores el\u00e9ctricos subterr\u00e1neos del centro de la ciudad, luego de recientes incidentes que provocaron cortes de energ\u00eda en establecimientos comerciales.<\/p>\n<p>&nbsp;<\/p>\n<p>Peinado Luna inform\u00f3 que la semana pasada sostuvieron una reuni\u00f3n con el gerente regional de la Comisi\u00f3n Federal de Electricidad (CFE) para Sonora y Sinaloa, donde se les asegur\u00f3 que el 100 por ciento de los transformadores del primer cuadro de la ciudad ya recibieron mantenimiento preventivo,<\/p>\n<p>&nbsp;<\/p>\n<p>\u201cNosotros vamos a seguir insistiendo en que haya una bit\u00e1cora,\u00a0hac\u00edamos referencia de ello,\u00a0para siempre un mantenimiento preventivo.\u00a0Y bueno, al suceso que pas\u00f3 en una tienda esta misma semana,\u00a0entiendo la informaci\u00f3n que vert\u00edan\u00a0es de la cancelaci\u00f3n de un transformador\u201d, reconoci\u00f3.<\/p>\n<p>&nbsp;<\/p>\n<p>Finalmente, manifest\u00f3 que es fundamental que Comisi\u00f3n Federal de Electricidad mantenga en las mejores condiciones los cerca de 40 transformadores que hay en el centro de Hermosillo, ya que ello es clave para evitar riesgos y afectaciones econ\u00f3micas.<\/p>\n<p>&nbsp;<\/p>\n","protected":false},"excerpt":{"rendered":"<p>El dirigente de la Uni\u00f3n de Usuarios de Hermosillo, Ignacio Peinado Luna, advirti\u00f3 sobre la importancia de mantener en \u00f3ptimas condiciones los transformadores el\u00e9ctricos subterr\u00e1neos del centro de la ciudad, luego de recientes incidentes que provocaron cortes de energ\u00eda en establecimientos comerciales. &nbsp; Peinado Luna inform\u00f3 que la semana pasada sostuvieron una reuni\u00f3n con el [&hellip;]<\/p>\n","protected":false},"author":2,"featured_media":242782,"comment_status":"closed","ping_status":"closed","sticky":false,"template":"","format":"standard","meta":{"footnotes":""},"categories":[12870,178],"tags":[12865,12869],"class_list":["post-242781","post","type-post","status-publish","format-standard","has-post-thumbnail","hentry","category-destacadas","category-local","tag-destacadas","tag-local"],"jetpack_featured_media_url":"https:\/\/rnoticias.com.mx\/Portal\/wp-content\/uploads\/2026\/01\/89-4.jpg","amp_enabled":true,"_links":{"self":[{"href":"https:\/\/rnoticias.com.mx\/Portal\/wp-json\/wp\/v2\/posts\/242781","targetHints":{"allow":["GET"]}}],"collection":[{"href":"https:\/\/rnoticias.com.mx\/Portal\/wp-json\/wp\/v2\/posts"}],"about":[{"href":"https:\/\/rnoticias.com.mx\/Portal\/wp-json\/wp\/v2\/types\/post"}],"author":[{"embeddable":true,"href":"https:\/\/rnoticias.com.mx\/Portal\/wp-json\/wp\/v2\/users\/2"}],"replies":[{"embeddable":true,"href":"https:\/\/rnoticias.com.mx\/Portal\/wp-json\/wp\/v2\/comments?post=242781"}],"version-history":[{"count":2,"href":"https:\/\/rnoticias.com.mx\/Portal\/wp-json\/wp\/v2\/posts\/242781\/revisions"}],"predecessor-version":[{"id":242784,"href":"https:\/\/rnoticias.com.mx\/Portal\/wp-json\/wp\/v2\/posts\/242781\/revisions\/242784"}],"wp:featuredmedia":[{"embeddable":true,"href":"https:\/\/rnoticias.com.mx\/Portal\/wp-json\/wp\/v2\/media\/242782"}],"wp:attachment":[{"href":"https:\/\/rnoticias.com.mx\/Portal\/wp-json\/wp\/v2\/media?parent=242781"}],"wp:term":[{"taxonomy":"category","embeddable":true,"href":"https:\/\/rnoticias.com.mx\/Portal\/wp-json\/wp\/v2\/categories?post=242781"},{"taxonomy":"post_tag","embeddable":true,"href":"https:\/\/rnoticias.com.mx\/Portal\/wp-json\/wp\/v2\/tags?post=242781"}],"curies":[{"name":"wp","href":"https:\/\/api.w.org\/{rel}","templated":true}]}}