{"id":242772,"date":"2026-01-27T13:11:46","date_gmt":"2026-01-27T20:11:46","guid":{"rendered":"https:\/\/rnoticias.com.mx\/Portal\/?p=242772"},"modified":"2026-01-27T13:11:46","modified_gmt":"2026-01-27T20:11:46","slug":"planeta-raiz-y-mujeres-entre-aves-impulsan-educacion-ambiental","status":"publish","type":"post","link":"https:\/\/rnoticias.com.mx\/Portal\/2026\/01\/27\/planeta-raiz-y-mujeres-entre-aves-impulsan-educacion-ambiental\/","title":{"rendered":"Planeta Ra\u00edz y Mujeres entre Aves impulsan educaci\u00f3n ambiental"},"content":{"rendered":"<p>Este mi\u00e9rcoles 28 de enero en punto de las 8 de la ma\u00f1ana, integrantes de los colectivos Planeta Ra\u00edz y Mujeres entre Aves, instalar\u00e1n un m\u00f3dulo ambiental en el parque de la Copacabana.<\/p>\n<p>&nbsp;<\/p>\n<p>B\u00e1rbara Peralta, cofundadora de Planeta Ra\u00edz y de Mujeres entre Aves, inform\u00f3 que esa actividad busca acercar a la ciudadan\u00eda a pr\u00e1cticas sencillas de cuidado del medio ambiente, mediante talleres pr\u00e1cticos y actividades educativas dirigidas a personas de todas las edades.<\/p>\n<p>&nbsp;<\/p>\n<p>\u201cEstaremos Planeta Ra\u00edz que hacemos actividades de educaci\u00f3n ambiental, cuestiones de reciclaje, cuestiones de plantas,\u00a0todo lo que son plantas nativas, de conservaci\u00f3n en general, todo lo que es el desierto sonorense,\u00a0esos temas son los que hablamos en Planeta Ra\u00edz, y tambi\u00e9n estaremos tambi\u00e9n como mujeres entre\u00a0aves, con toda la cuesti\u00f3n de la conservaci\u00f3n de las aves, la observaci\u00f3n de ellas, y pues\u00a0tambi\u00e9n hacemos educaci\u00f3n ambiental\u201d, cont\u00f3.<\/p>\n<p>&nbsp;<\/p>\n<p>Agreg\u00f3, que durante la jornada se ofrecer\u00e1n talleres b\u00e1sicos para aprender a separar residuos desde casa, fomentando el reciclaje de forma accesible y sin complicaciones. Adem\u00e1s, se impartir\u00e1n actividades relacionadas con plantas nativas, jardiner\u00eda ambiental, trasplantes, abonos ecol\u00f3gicos y cuidados generales de \u00e1reas verdes.<\/p>\n<p>&nbsp;<\/p>\n<p>El m\u00f3dulo ambiental tambi\u00e9n incluir\u00e1 acciones de conservaci\u00f3n y observaci\u00f3n de aves, as\u00ed como din\u00e1micas especialmente dise\u00f1adas para ni\u00f1as y ni\u00f1os. La jornada se realizar\u00e1 de 8:00 a 12:00 horas, con el objetivo de promover la educaci\u00f3n ambiental y el conocimiento del desierto sonorense entre la comunidad.<\/p>\n","protected":false},"excerpt":{"rendered":"<p>Este mi\u00e9rcoles 28 de enero en punto de las 8 de la ma\u00f1ana, integrantes de los colectivos Planeta Ra\u00edz y Mujeres entre Aves, instalar\u00e1n un m\u00f3dulo ambiental en el parque de la Copacabana. &nbsp; B\u00e1rbara Peralta, cofundadora de Planeta Ra\u00edz y de Mujeres entre Aves, inform\u00f3 que esa actividad busca acercar a la ciudadan\u00eda a [&hellip;]<\/p>\n","protected":false},"author":2,"featured_media":242773,"comment_status":"closed","ping_status":"closed","sticky":false,"template":"","format":"standard","meta":{"footnotes":""},"categories":[12870,178],"tags":[12865,12869],"class_list":["post-242772","post","type-post","status-publish","format-standard","has-post-thumbnail","hentry","category-destacadas","category-local","tag-destacadas","tag-local"],"jetpack_featured_media_url":"https:\/\/rnoticias.com.mx\/Portal\/wp-content\/uploads\/2026\/01\/Blog_26_Enero_2025_1_1.webp","amp_enabled":true,"_links":{"self":[{"href":"https:\/\/rnoticias.com.mx\/Portal\/wp-json\/wp\/v2\/posts\/242772","targetHints":{"allow":["GET"]}}],"collection":[{"href":"https:\/\/rnoticias.com.mx\/Portal\/wp-json\/wp\/v2\/posts"}],"about":[{"href":"https:\/\/rnoticias.com.mx\/Portal\/wp-json\/wp\/v2\/types\/post"}],"author":[{"embeddable":true,"href":"https:\/\/rnoticias.com.mx\/Portal\/wp-json\/wp\/v2\/users\/2"}],"replies":[{"embeddable":true,"href":"https:\/\/rnoticias.com.mx\/Portal\/wp-json\/wp\/v2\/comments?post=242772"}],"version-history":[{"count":1,"href":"https:\/\/rnoticias.com.mx\/Portal\/wp-json\/wp\/v2\/posts\/242772\/revisions"}],"predecessor-version":[{"id":242774,"href":"https:\/\/rnoticias.com.mx\/Portal\/wp-json\/wp\/v2\/posts\/242772\/revisions\/242774"}],"wp:featuredmedia":[{"embeddable":true,"href":"https:\/\/rnoticias.com.mx\/Portal\/wp-json\/wp\/v2\/media\/242773"}],"wp:attachment":[{"href":"https:\/\/rnoticias.com.mx\/Portal\/wp-json\/wp\/v2\/media?parent=242772"}],"wp:term":[{"taxonomy":"category","embeddable":true,"href":"https:\/\/rnoticias.com.mx\/Portal\/wp-json\/wp\/v2\/categories?post=242772"},{"taxonomy":"post_tag","embeddable":true,"href":"https:\/\/rnoticias.com.mx\/Portal\/wp-json\/wp\/v2\/tags?post=242772"}],"curies":[{"name":"wp","href":"https:\/\/api.w.org\/{rel}","templated":true}]}}