{"id":242769,"date":"2026-01-27T13:09:26","date_gmt":"2026-01-27T20:09:26","guid":{"rendered":"https:\/\/rnoticias.com.mx\/Portal\/?p=242769"},"modified":"2026-01-27T13:09:26","modified_gmt":"2026-01-27T20:09:26","slug":"fortalece-seccion-54-del-snte-esquema-de-permutas-entre-docentes-sonorenses","status":"publish","type":"post","link":"https:\/\/rnoticias.com.mx\/Portal\/2026\/01\/27\/fortalece-seccion-54-del-snte-esquema-de-permutas-entre-docentes-sonorenses\/","title":{"rendered":"Fortalece Secci\u00f3n 54 del SNTE esquema de permutas entre docentes sonorenses"},"content":{"rendered":"<p>Hermosillo, Sonora. Con el objetivo de facilitar que las y los docentes puedan acercarse a su lugar de origen o mejorar su situaci\u00f3n laboral, la Secci\u00f3n 54 del Sindicato Nacional de Trabajadores de la Educaci\u00f3n reactiv\u00f3 y fortaleci\u00f3 el esquema de permutas entre trabajadores de la educaci\u00f3n.<\/p>\n<p>&nbsp;<\/p>\n<p>El secretario general de la Secci\u00f3n 54, profesor Javier Ceballos, destac\u00f3 que este derecho sindical, hab\u00eda dejado de aplicarse en a\u00f1os anteriores y hoy vuelve a consolidarse como una opci\u00f3n real para el magisterio sonorense.<\/p>\n<p>&nbsp;<\/p>\n<p>\u201cLa recuperaci\u00f3n de las permutas ha sido posible gracias al uso responsable que han hecho las y los trabajadores, lo que permiti\u00f3 ampliar su aplicaci\u00f3n. A diferencia de otros a\u00f1os, ahora este proceso no se realizar\u00e1 en una sola fecha anual, sino de manera peri\u00f3dica, cada 15 d\u00edas, brindando mayor flexibilidad y oportunidades de cambio de adscripci\u00f3n\u201d, destac\u00f3.<\/p>\n<p>&nbsp;<\/p>\n<p>El dirigente sindical subray\u00f3 que este mecanismo representa un beneficio directo para quienes buscan movilidad laboral, siempre y cuando se ejerza con responsabilidad y apego a la convocatoria vigente.<\/p>\n<p>&nbsp;<\/p>\n<p>Asimismo, inform\u00f3 que la organizaci\u00f3n sindical mantiene abiertos sus canales de orientaci\u00f3n para apoyar a las y los docentes interesados, facilitando la comunicaci\u00f3n entre los m\u00e1s de 12 mil trabajadores activos que integran la Secci\u00f3n 54 y reforzando el trabajo colectivo en favor del magisterio.<\/p>\n<p>&nbsp;<\/p>\n","protected":false},"excerpt":{"rendered":"<p>Hermosillo, Sonora. Con el objetivo de facilitar que las y los docentes puedan acercarse a su lugar de origen o mejorar su situaci\u00f3n laboral, la Secci\u00f3n 54 del Sindicato Nacional de Trabajadores de la Educaci\u00f3n reactiv\u00f3 y fortaleci\u00f3 el esquema de permutas entre trabajadores de la educaci\u00f3n. &nbsp; El secretario general de la Secci\u00f3n 54, [&hellip;]<\/p>\n","protected":false},"author":2,"featured_media":242770,"comment_status":"closed","ping_status":"closed","sticky":false,"template":"","format":"standard","meta":{"footnotes":""},"categories":[12870,178],"tags":[12865,12869],"class_list":["post-242769","post","type-post","status-publish","format-standard","has-post-thumbnail","hentry","category-destacadas","category-local","tag-destacadas","tag-local"],"jetpack_featured_media_url":"https:\/\/rnoticias.com.mx\/Portal\/wp-content\/uploads\/2026\/01\/489822384_1111915774311465_2832575749369871167_n.jpg","amp_enabled":true,"_links":{"self":[{"href":"https:\/\/rnoticias.com.mx\/Portal\/wp-json\/wp\/v2\/posts\/242769","targetHints":{"allow":["GET"]}}],"collection":[{"href":"https:\/\/rnoticias.com.mx\/Portal\/wp-json\/wp\/v2\/posts"}],"about":[{"href":"https:\/\/rnoticias.com.mx\/Portal\/wp-json\/wp\/v2\/types\/post"}],"author":[{"embeddable":true,"href":"https:\/\/rnoticias.com.mx\/Portal\/wp-json\/wp\/v2\/users\/2"}],"replies":[{"embeddable":true,"href":"https:\/\/rnoticias.com.mx\/Portal\/wp-json\/wp\/v2\/comments?post=242769"}],"version-history":[{"count":1,"href":"https:\/\/rnoticias.com.mx\/Portal\/wp-json\/wp\/v2\/posts\/242769\/revisions"}],"predecessor-version":[{"id":242771,"href":"https:\/\/rnoticias.com.mx\/Portal\/wp-json\/wp\/v2\/posts\/242769\/revisions\/242771"}],"wp:featuredmedia":[{"embeddable":true,"href":"https:\/\/rnoticias.com.mx\/Portal\/wp-json\/wp\/v2\/media\/242770"}],"wp:attachment":[{"href":"https:\/\/rnoticias.com.mx\/Portal\/wp-json\/wp\/v2\/media?parent=242769"}],"wp:term":[{"taxonomy":"category","embeddable":true,"href":"https:\/\/rnoticias.com.mx\/Portal\/wp-json\/wp\/v2\/categories?post=242769"},{"taxonomy":"post_tag","embeddable":true,"href":"https:\/\/rnoticias.com.mx\/Portal\/wp-json\/wp\/v2\/tags?post=242769"}],"curies":[{"name":"wp","href":"https:\/\/api.w.org\/{rel}","templated":true}]}}