{"id":242763,"date":"2026-01-27T12:57:27","date_gmt":"2026-01-27T19:57:27","guid":{"rendered":"https:\/\/rnoticias.com.mx\/Portal\/?p=242763"},"modified":"2026-01-27T12:57:27","modified_gmt":"2026-01-27T19:57:27","slug":"fgjes-obtiene-vinculacion-a-proceso-en-contra-de-seis-personas-y-la-persona-moral-de-la-tienda-waldos-por-siniestro-en-hermosillo","status":"publish","type":"post","link":"https:\/\/rnoticias.com.mx\/Portal\/2026\/01\/27\/fgjes-obtiene-vinculacion-a-proceso-en-contra-de-seis-personas-y-la-persona-moral-de-la-tienda-waldos-por-siniestro-en-hermosillo\/","title":{"rendered":"FGJES obtiene vinculaci\u00f3n a proceso en contra de seis personas y la persona moral de la tienda Waldos por siniestro en Hermosillo"},"content":{"rendered":"<p>Hermosillo, Sonora, 27 de enero de 2026.- En relaci\u00f3n a la continuaci\u00f3n de la audiencia celebrada este d\u00eda en la cual se atiende el asunto del siniestro de la tienda Waldos en Hermosillo, esta Fiscal\u00eda General de Justicia del Estado de Sonora (FGJES) informa lo siguiente:<\/p>\n<p>* Se obtuvo la vinculaci\u00f3n a proceso de seis personas y una persona moral, por el siniestro ocurrido el 1 de noviembre de 2025 en un establecimiento comercial de Hermosillo. La resoluci\u00f3n fue emitida por un Juez de Control, quien consider\u00f3 que existen elementos suficientes para abrir un proceso penal en contra de las personas imputadas.<\/p>\n<p>* La Fiscal\u00eda present\u00f3 pruebas periciales, testimoniales y documentales que permitieron acreditar de manera diferenciada la existencia de los hechos y la probable responsabilidad de seis personas y una persona moral, por los delitos de homicidio, diversos tipos de lesiones, da\u00f1os y aborto, todos cometidos a t\u00edtulo culposo, adem\u00e1s de incumplimiento de un deber legal y uso de documentos falsos.<\/p>\n<p>* El Juez determin\u00f3 que las personas vinculadas contin\u00faen el proceso bajo medidas cautelares en libertad, imponi\u00e9ndoles como obligaci\u00f3n la presentaci\u00f3n peri\u00f3dica, exhibici\u00f3n de garant\u00eda econ\u00f3mica y la prohibici\u00f3n de salir del estado, excepto por el representante legal de la empresa, a quien el Juez consider\u00f3 procedente la prisi\u00f3n preventiva justificada, sin que esta se haya ejecutado debido a una suspensi\u00f3n derivada de un juicio de amparo, situaci\u00f3n que ser\u00e1 impugnada por la Fiscal\u00eda.<\/p>\n<p>* Se otorg\u00f3 un plazo de seis meses para la investigaci\u00f3n complementaria, durante el cual se fortalecer\u00e1n las pruebas para el esclarecimiento total de los hechos.<\/p>\n<p>* En la Audiencia celebrada este d\u00eda, el Juez determin\u00f3 no vincular a proceso a dos personas, una por considerar que la presunta conducta delictiva se encontraba prescrita y la otra, en virtud de considerar, a su juicio, que no se acreditaba su probable responsabilidad, no obstante, esta representaci\u00f3n social no comparte dicho criterio y apelar\u00e1 tal decisi\u00f3n.<\/p>\n<p>* La Fiscal\u00eda reitera su compromiso con las v\u00edctimas y sus familias, para brindarles el acceso a la justicia.<\/p>\n","protected":false},"excerpt":{"rendered":"<p>Hermosillo, Sonora, 27 de enero de 2026.- En relaci\u00f3n a la continuaci\u00f3n de la audiencia celebrada este d\u00eda en la cual se atiende el asunto del siniestro de la tienda Waldos en Hermosillo, esta Fiscal\u00eda General de Justicia del Estado de Sonora (FGJES) informa lo siguiente: * Se obtuvo la vinculaci\u00f3n a proceso de seis [&hellip;]<\/p>\n","protected":false},"author":2,"featured_media":242764,"comment_status":"closed","ping_status":"closed","sticky":false,"template":"","format":"standard","meta":{"footnotes":""},"categories":[12870,178],"tags":[12865,12869],"class_list":["post-242763","post","type-post","status-publish","format-standard","has-post-thumbnail","hentry","category-destacadas","category-local","tag-destacadas","tag-local"],"jetpack_featured_media_url":"https:\/\/rnoticias.com.mx\/Portal\/wp-content\/uploads\/2026\/01\/88-5.jpg","amp_enabled":true,"_links":{"self":[{"href":"https:\/\/rnoticias.com.mx\/Portal\/wp-json\/wp\/v2\/posts\/242763","targetHints":{"allow":["GET"]}}],"collection":[{"href":"https:\/\/rnoticias.com.mx\/Portal\/wp-json\/wp\/v2\/posts"}],"about":[{"href":"https:\/\/rnoticias.com.mx\/Portal\/wp-json\/wp\/v2\/types\/post"}],"author":[{"embeddable":true,"href":"https:\/\/rnoticias.com.mx\/Portal\/wp-json\/wp\/v2\/users\/2"}],"replies":[{"embeddable":true,"href":"https:\/\/rnoticias.com.mx\/Portal\/wp-json\/wp\/v2\/comments?post=242763"}],"version-history":[{"count":1,"href":"https:\/\/rnoticias.com.mx\/Portal\/wp-json\/wp\/v2\/posts\/242763\/revisions"}],"predecessor-version":[{"id":242765,"href":"https:\/\/rnoticias.com.mx\/Portal\/wp-json\/wp\/v2\/posts\/242763\/revisions\/242765"}],"wp:featuredmedia":[{"embeddable":true,"href":"https:\/\/rnoticias.com.mx\/Portal\/wp-json\/wp\/v2\/media\/242764"}],"wp:attachment":[{"href":"https:\/\/rnoticias.com.mx\/Portal\/wp-json\/wp\/v2\/media?parent=242763"}],"wp:term":[{"taxonomy":"category","embeddable":true,"href":"https:\/\/rnoticias.com.mx\/Portal\/wp-json\/wp\/v2\/categories?post=242763"},{"taxonomy":"post_tag","embeddable":true,"href":"https:\/\/rnoticias.com.mx\/Portal\/wp-json\/wp\/v2\/tags?post=242763"}],"curies":[{"name":"wp","href":"https:\/\/api.w.org\/{rel}","templated":true}]}}