{"id":242760,"date":"2026-01-27T12:52:35","date_gmt":"2026-01-27T19:52:35","guid":{"rendered":"https:\/\/rnoticias.com.mx\/Portal\/?p=242760"},"modified":"2026-01-27T12:52:35","modified_gmt":"2026-01-27T19:52:35","slug":"congreso-de-sonora-inaugura-exposicion-ideales-de-la-mujer-revolucionaria","status":"publish","type":"post","link":"https:\/\/rnoticias.com.mx\/Portal\/2026\/01\/27\/congreso-de-sonora-inaugura-exposicion-ideales-de-la-mujer-revolucionaria\/","title":{"rendered":"Congreso de Sonora inaugura exposici\u00f3n \u201cIdeales de la Mujer Revolucionaria\u201d"},"content":{"rendered":"<p>Hermosillo, Sonora; 27 de enero de 2026.- En el marco de las actividades del Festival Alfonso Ortiz Tirado (FAOT), el Congreso del Estado de Sonora inaugur\u00f3 la exposici\u00f3n de pintura \u201cIdeales de la Mujer Revolucionaria\u201d, del colectivo Amantes del Arte.<\/p>\n<p>Durante el acto inaugural, la diputada presidenta Mar\u00eda Eduwiges Espinoza Tapia se\u00f1al\u00f3 que estas obras buscan visibilizar, a trav\u00e9s de la pintura, una reflexi\u00f3n sobre la figura y los ideales de la mujer desde una perspectiva revolucionaria y social.<\/p>\n<p>Por su parte, Lourdes Ramos F\u00e9lix, presidenta del colectivo Amantes del Arte, destac\u00f3 que se presentaron un total de 19 obras elaboradas en distintas t\u00e9cnicas, como \u00f3leo, acr\u00edlico y t\u00e9cnica mixta, cuyo objetivo es representar los ideales de lucha y fortaleza de la mujer.<\/p>\n<p>Al finalizar el acto protocolario, la diputada Espinoza Tapia entreg\u00f3 reconocimientos a las y los integrantes del colectivo, en agradecimiento por compartir sus obras y contribuir a la promoci\u00f3n de la actividad art\u00edstica en la entidad.<\/p>\n<p>La exposici\u00f3n permanecer\u00e1 abierta al p\u00fablico en las instalaciones del Poder Legislativo durante una semana, a partir de este d\u00eda, en un horario de 8:00 a 15:00 horas.<\/p>\n","protected":false},"excerpt":{"rendered":"<p>Hermosillo, Sonora; 27 de enero de 2026.- En el marco de las actividades del Festival Alfonso Ortiz Tirado (FAOT), el Congreso del Estado de Sonora inaugur\u00f3 la exposici\u00f3n de pintura \u201cIdeales de la Mujer Revolucionaria\u201d, del colectivo Amantes del Arte. Durante el acto inaugural, la diputada presidenta Mar\u00eda Eduwiges Espinoza Tapia se\u00f1al\u00f3 que estas obras [&hellip;]<\/p>\n","protected":false},"author":2,"featured_media":242761,"comment_status":"closed","ping_status":"closed","sticky":false,"template":"","format":"standard","meta":{"footnotes":""},"categories":[12870,12868],"tags":[12865,12879],"class_list":["post-242760","post","type-post","status-publish","format-standard","has-post-thumbnail","hentry","category-destacadas","category-politica","tag-destacadas","tag-politica"],"jetpack_featured_media_url":"https:\/\/rnoticias.com.mx\/Portal\/wp-content\/uploads\/2026\/01\/90-3.jpg","amp_enabled":true,"_links":{"self":[{"href":"https:\/\/rnoticias.com.mx\/Portal\/wp-json\/wp\/v2\/posts\/242760","targetHints":{"allow":["GET"]}}],"collection":[{"href":"https:\/\/rnoticias.com.mx\/Portal\/wp-json\/wp\/v2\/posts"}],"about":[{"href":"https:\/\/rnoticias.com.mx\/Portal\/wp-json\/wp\/v2\/types\/post"}],"author":[{"embeddable":true,"href":"https:\/\/rnoticias.com.mx\/Portal\/wp-json\/wp\/v2\/users\/2"}],"replies":[{"embeddable":true,"href":"https:\/\/rnoticias.com.mx\/Portal\/wp-json\/wp\/v2\/comments?post=242760"}],"version-history":[{"count":1,"href":"https:\/\/rnoticias.com.mx\/Portal\/wp-json\/wp\/v2\/posts\/242760\/revisions"}],"predecessor-version":[{"id":242762,"href":"https:\/\/rnoticias.com.mx\/Portal\/wp-json\/wp\/v2\/posts\/242760\/revisions\/242762"}],"wp:featuredmedia":[{"embeddable":true,"href":"https:\/\/rnoticias.com.mx\/Portal\/wp-json\/wp\/v2\/media\/242761"}],"wp:attachment":[{"href":"https:\/\/rnoticias.com.mx\/Portal\/wp-json\/wp\/v2\/media?parent=242760"}],"wp:term":[{"taxonomy":"category","embeddable":true,"href":"https:\/\/rnoticias.com.mx\/Portal\/wp-json\/wp\/v2\/categories?post=242760"},{"taxonomy":"post_tag","embeddable":true,"href":"https:\/\/rnoticias.com.mx\/Portal\/wp-json\/wp\/v2\/tags?post=242760"}],"curies":[{"name":"wp","href":"https:\/\/api.w.org\/{rel}","templated":true}]}}