{"id":242754,"date":"2026-01-27T12:39:16","date_gmt":"2026-01-27T19:39:16","guid":{"rendered":"https:\/\/rnoticias.com.mx\/Portal\/?p=242754"},"modified":"2026-01-27T12:39:16","modified_gmt":"2026-01-27T19:39:16","slug":"analiza-congreso-de-sonora-iniciativa-en-materia-de-proteccion-a-la-autonomia-sindical","status":"publish","type":"post","link":"https:\/\/rnoticias.com.mx\/Portal\/2026\/01\/27\/analiza-congreso-de-sonora-iniciativa-en-materia-de-proteccion-a-la-autonomia-sindical\/","title":{"rendered":"Analiza Congreso de Sonora iniciativa en materia de protecci\u00f3n a la autonom\u00eda sindical"},"content":{"rendered":"<p>Hermosillo, Sonora; 27 de enero de 2026.- El Congreso del Estado de Sonora, a trav\u00e9s de la Comisi\u00f3n de Asuntos del Trabajo, analiz\u00f3, en conjunto con el Consejo Social y Permanente, la iniciativa que propone armonizar la legislaci\u00f3n estatal con la reforma federal en materia de libertad sindical.<\/p>\n<p>El diputado \u00d3scar Ortiz Arvayo (PT), presidente de la comisi\u00f3n, destac\u00f3 que la iniciativa presentada por los grupos parlamentarios de los partidos Morena, del Trabajo, Verde Ecologista de M\u00e9xico, Encuentro Solidario y Nueva Alianza Sonora tiene el prop\u00f3sito de adecuar el marco jur\u00eddico estatal a la reciente reforma federal en la materia.<\/p>\n<p>La modificaci\u00f3n, dijo, busca que los sindicatos del servicio p\u00fablico en la entidad est\u00e9n protegidos frente a cualquier acto de injerencia indebida por parte de autoridades o de personas servidoras p\u00fablicas.<\/p>\n<p>Las diputadas y los diputados presentes expusieron que la propuesta busca tipificar la injerencia sindical como falta administrativa grave, fortaleciendo la libertad gremial, la imparcialidad institucional y los procesos democr\u00e1ticos al interior de las organizaciones de personas trabajadoras.<\/p>\n<p>Por su parte, representantes del Consejo Sindical, integrado por l\u00edderes de diversos sindicatos locales, compartieron opiniones y observaciones sobre la iniciativa, subrayando la relevancia de contar con reglas claras que garanticen el respeto a los derechos colectivos de las personas trabajadoras.<\/p>\n<p>Por \u00faltimo, el diputado Ortiz Arvayo inform\u00f3 que la iniciativa en an\u00e1lisis se dictaminar\u00e1 en una pr\u00f3xima reuni\u00f3n de la comisi\u00f3n a su cargo.<\/p>\n","protected":false},"excerpt":{"rendered":"<p>Hermosillo, Sonora; 27 de enero de 2026.- El Congreso del Estado de Sonora, a trav\u00e9s de la Comisi\u00f3n de Asuntos del Trabajo, analiz\u00f3, en conjunto con el Consejo Social y Permanente, la iniciativa que propone armonizar la legislaci\u00f3n estatal con la reforma federal en materia de libertad sindical. El diputado \u00d3scar Ortiz Arvayo (PT), presidente [&hellip;]<\/p>\n","protected":false},"author":2,"featured_media":242755,"comment_status":"closed","ping_status":"closed","sticky":false,"template":"","format":"standard","meta":{"footnotes":""},"categories":[12870,12868],"tags":[12865,12879],"class_list":["post-242754","post","type-post","status-publish","format-standard","has-post-thumbnail","hentry","category-destacadas","category-politica","tag-destacadas","tag-politica"],"jetpack_featured_media_url":"https:\/\/rnoticias.com.mx\/Portal\/wp-content\/uploads\/2026\/01\/500-1.jpg","amp_enabled":true,"_links":{"self":[{"href":"https:\/\/rnoticias.com.mx\/Portal\/wp-json\/wp\/v2\/posts\/242754","targetHints":{"allow":["GET"]}}],"collection":[{"href":"https:\/\/rnoticias.com.mx\/Portal\/wp-json\/wp\/v2\/posts"}],"about":[{"href":"https:\/\/rnoticias.com.mx\/Portal\/wp-json\/wp\/v2\/types\/post"}],"author":[{"embeddable":true,"href":"https:\/\/rnoticias.com.mx\/Portal\/wp-json\/wp\/v2\/users\/2"}],"replies":[{"embeddable":true,"href":"https:\/\/rnoticias.com.mx\/Portal\/wp-json\/wp\/v2\/comments?post=242754"}],"version-history":[{"count":1,"href":"https:\/\/rnoticias.com.mx\/Portal\/wp-json\/wp\/v2\/posts\/242754\/revisions"}],"predecessor-version":[{"id":242756,"href":"https:\/\/rnoticias.com.mx\/Portal\/wp-json\/wp\/v2\/posts\/242754\/revisions\/242756"}],"wp:featuredmedia":[{"embeddable":true,"href":"https:\/\/rnoticias.com.mx\/Portal\/wp-json\/wp\/v2\/media\/242755"}],"wp:attachment":[{"href":"https:\/\/rnoticias.com.mx\/Portal\/wp-json\/wp\/v2\/media?parent=242754"}],"wp:term":[{"taxonomy":"category","embeddable":true,"href":"https:\/\/rnoticias.com.mx\/Portal\/wp-json\/wp\/v2\/categories?post=242754"},{"taxonomy":"post_tag","embeddable":true,"href":"https:\/\/rnoticias.com.mx\/Portal\/wp-json\/wp\/v2\/tags?post=242754"}],"curies":[{"name":"wp","href":"https:\/\/api.w.org\/{rel}","templated":true}]}}