{"id":242742,"date":"2026-01-27T12:14:01","date_gmt":"2026-01-27T19:14:01","guid":{"rendered":"https:\/\/rnoticias.com.mx\/Portal\/?p=242742"},"modified":"2026-01-27T12:14:01","modified_gmt":"2026-01-27T19:14:01","slug":"guardia-nacional-abre-sus-puertas-a-la-comunidad-con-el-programa-guardia-nacional-contigo-en-las-minitas","status":"publish","type":"post","link":"https:\/\/rnoticias.com.mx\/Portal\/2026\/01\/27\/guardia-nacional-abre-sus-puertas-a-la-comunidad-con-el-programa-guardia-nacional-contigo-en-las-minitas\/","title":{"rendered":"Guardia Nacional abre sus puertas a la comunidad con el programa \u201cGuardia Nacional Contigo\u201d en Las Minitas"},"content":{"rendered":"<p>Hermosillo, Sonora; 27 de enero de 2026.- Con el objetivo de acercar a la ciudadan\u00eda al trabajo que realiza diariamente la Guardia Nacional y fortalecer la confianza desde el territorio, el programa Plan Guardia Nacional Contigo lleg\u00f3 a la colonia Las Minitas, donde m\u00e1s de 250 personas participaron en una jornada de proximidad social, informaci\u00f3n y convivencia comunitaria.<\/p>\n<p>La actividad permiti\u00f3 a ni\u00f1as, ni\u00f1os, personas adultas mayores y familias completas conocer de primera mano las funciones, capacidades y vocaci\u00f3n de servicio de esta instituci\u00f3n de seguridad p\u00fablica, en un ejercicio dise\u00f1ado para generar cercan\u00eda, confianza y corresponsabilidad social.<\/p>\n<p>Vecinas y vecinos destacaron la importancia de este tipo de encuentros, especialmente en colonias donde este acercamiento no se hab\u00eda realizado anteriormente. Tal es el caso de Mayeli, habitante de Las Minitas, quien agradeci\u00f3 la presencia de la Guardia Nacional en su comunidad.<\/p>\n<p>\u201cEstoy muy agradecida con la Guardia Nacional por haber venido a Las Minitas, una colonia donde nunca se hab\u00eda visto esto. Para los ni\u00f1os y para las personas adultas mayores es muy importante; estamos agradecidos porque vinieron a exponer su trabajo\u201d, subray\u00f3.<\/p>\n<p>Durante la jornada se realizaron diversas actividades enfocadas en mostrar de manera directa y did\u00e1ctica las labores de la instituci\u00f3n, entre ellas una exhibici\u00f3n de veh\u00edculos oficiales, exposici\u00f3n fotogr\u00e1fica, demostraci\u00f3n de equipo t\u00e1ctico y m\u00f3dulos informativos sobre vestuario y equipo, educaci\u00f3n en casa y primeros auxilios.<\/p>\n<p>Asimismo, se cont\u00f3 con la participaci\u00f3n de la Banda de Guerra, as\u00ed como con m\u00f3dulos de transmisiones, peluquer\u00eda y consulta odontol\u00f3gica, servicios que reforzaron el car\u00e1cter social y comunitario del programa.<\/p>\n<p>El Plan Guardia Nacional Contigo busca no solo informar, sino generar v\u00ednculos directos entre la instituci\u00f3n y la ciudadan\u00eda, permitiendo que la poblaci\u00f3n conozca de cerca el trabajo operativo, preventivo y humano que realiza la Guardia Nacional, fortaleciendo as\u00ed la confianza y la colaboraci\u00f3n para construir entornos m\u00e1s seguros.<\/p>\n","protected":false},"excerpt":{"rendered":"<p>Hermosillo, Sonora; 27 de enero de 2026.- Con el objetivo de acercar a la ciudadan\u00eda al trabajo que realiza diariamente la Guardia Nacional y fortalecer la confianza desde el territorio, el programa Plan Guardia Nacional Contigo lleg\u00f3 a la colonia Las Minitas, donde m\u00e1s de 250 personas participaron en una jornada de proximidad social, informaci\u00f3n [&hellip;]<\/p>\n","protected":false},"author":2,"featured_media":242743,"comment_status":"closed","ping_status":"closed","sticky":false,"template":"","format":"standard","meta":{"footnotes":""},"categories":[12870,178],"tags":[12865,12869],"class_list":["post-242742","post","type-post","status-publish","format-standard","has-post-thumbnail","hentry","category-destacadas","category-local","tag-destacadas","tag-local"],"jetpack_featured_media_url":"https:\/\/rnoticias.com.mx\/Portal\/wp-content\/uploads\/2026\/01\/unnamed-3-12.jpg","amp_enabled":true,"_links":{"self":[{"href":"https:\/\/rnoticias.com.mx\/Portal\/wp-json\/wp\/v2\/posts\/242742","targetHints":{"allow":["GET"]}}],"collection":[{"href":"https:\/\/rnoticias.com.mx\/Portal\/wp-json\/wp\/v2\/posts"}],"about":[{"href":"https:\/\/rnoticias.com.mx\/Portal\/wp-json\/wp\/v2\/types\/post"}],"author":[{"embeddable":true,"href":"https:\/\/rnoticias.com.mx\/Portal\/wp-json\/wp\/v2\/users\/2"}],"replies":[{"embeddable":true,"href":"https:\/\/rnoticias.com.mx\/Portal\/wp-json\/wp\/v2\/comments?post=242742"}],"version-history":[{"count":1,"href":"https:\/\/rnoticias.com.mx\/Portal\/wp-json\/wp\/v2\/posts\/242742\/revisions"}],"predecessor-version":[{"id":242744,"href":"https:\/\/rnoticias.com.mx\/Portal\/wp-json\/wp\/v2\/posts\/242742\/revisions\/242744"}],"wp:featuredmedia":[{"embeddable":true,"href":"https:\/\/rnoticias.com.mx\/Portal\/wp-json\/wp\/v2\/media\/242743"}],"wp:attachment":[{"href":"https:\/\/rnoticias.com.mx\/Portal\/wp-json\/wp\/v2\/media?parent=242742"}],"wp:term":[{"taxonomy":"category","embeddable":true,"href":"https:\/\/rnoticias.com.mx\/Portal\/wp-json\/wp\/v2\/categories?post=242742"},{"taxonomy":"post_tag","embeddable":true,"href":"https:\/\/rnoticias.com.mx\/Portal\/wp-json\/wp\/v2\/tags?post=242742"}],"curies":[{"name":"wp","href":"https:\/\/api.w.org\/{rel}","templated":true}]}}