{"id":242739,"date":"2026-01-27T12:12:03","date_gmt":"2026-01-27T19:12:03","guid":{"rendered":"https:\/\/rnoticias.com.mx\/Portal\/?p=242739"},"modified":"2026-01-27T12:12:03","modified_gmt":"2026-01-27T19:12:03","slug":"recibe-faot-2026-a-talento-operistico-de-la-universidad-de-sonora","status":"publish","type":"post","link":"https:\/\/rnoticias.com.mx\/Portal\/2026\/01\/27\/recibe-faot-2026-a-talento-operistico-de-la-universidad-de-sonora\/","title":{"rendered":"Recibe FAOT 2026 a talento oper\u00edstico de la Universidad de Sonora"},"content":{"rendered":"<p>\u00c1lamos, Sonora; 27 de enero de 2026.- Como parte de las diferentes expresiones que ofrece la cuadrag\u00e9sima primera edici\u00f3n del Festival Alfonso Ortiz Tirado, en la cuarta jornada de actividades, en la noche de gala se cont\u00f3 con la participaci\u00f3n de talento oper\u00edstico de la Universidad de Sonora.<\/p>\n<p>En Palacio Municipal tuvieron su participaci\u00f3n las soprano Laura Figueroa y Fabiola P\u00e9rez P\u00e9rez, la mezzosoprano Beatriz Ang\u00e9lica Morales, y el bar\u00edtono Gerardo Sosa, quienes estuvieron acompa\u00f1adas del pianista H\u00e9ctor Acosta.<\/p>\n<p>Con casa llena, el talento universitario ofreci\u00f3 un recital que celebra el talento emergente y la formaci\u00f3n musical de excelencia de los egresados de la licenciatura en m\u00fasica del departamento de Bellas Artes de la m\u00e1xima casa de estudios sonorense.<\/p>\n<p>Los j\u00f3venes ofrecieron un recorrido musical por distintas \u00e9pocas y estilos, refrendando un compromiso por la formaci\u00f3n de m\u00fasicos de alto nivel, as\u00ed como la promoci\u00f3n del impulso de la vida cultural de la regi\u00f3n.<\/p>\n","protected":false},"excerpt":{"rendered":"<p>\u00c1lamos, Sonora; 27 de enero de 2026.- Como parte de las diferentes expresiones que ofrece la cuadrag\u00e9sima primera edici\u00f3n del Festival Alfonso Ortiz Tirado, en la cuarta jornada de actividades, en la noche de gala se cont\u00f3 con la participaci\u00f3n de talento oper\u00edstico de la Universidad de Sonora. En Palacio Municipal tuvieron su participaci\u00f3n las [&hellip;]<\/p>\n","protected":false},"author":2,"featured_media":242740,"comment_status":"closed","ping_status":"closed","sticky":false,"template":"","format":"standard","meta":{"footnotes":""},"categories":[12870,174],"tags":[12865,12873],"class_list":["post-242739","post","type-post","status-publish","format-standard","has-post-thumbnail","hentry","category-destacadas","category-estatal","tag-destacadas","tag-estatal"],"jetpack_featured_media_url":"https:\/\/rnoticias.com.mx\/Portal\/wp-content\/uploads\/2026\/01\/unnamed-65.jpg","amp_enabled":true,"_links":{"self":[{"href":"https:\/\/rnoticias.com.mx\/Portal\/wp-json\/wp\/v2\/posts\/242739","targetHints":{"allow":["GET"]}}],"collection":[{"href":"https:\/\/rnoticias.com.mx\/Portal\/wp-json\/wp\/v2\/posts"}],"about":[{"href":"https:\/\/rnoticias.com.mx\/Portal\/wp-json\/wp\/v2\/types\/post"}],"author":[{"embeddable":true,"href":"https:\/\/rnoticias.com.mx\/Portal\/wp-json\/wp\/v2\/users\/2"}],"replies":[{"embeddable":true,"href":"https:\/\/rnoticias.com.mx\/Portal\/wp-json\/wp\/v2\/comments?post=242739"}],"version-history":[{"count":1,"href":"https:\/\/rnoticias.com.mx\/Portal\/wp-json\/wp\/v2\/posts\/242739\/revisions"}],"predecessor-version":[{"id":242741,"href":"https:\/\/rnoticias.com.mx\/Portal\/wp-json\/wp\/v2\/posts\/242739\/revisions\/242741"}],"wp:featuredmedia":[{"embeddable":true,"href":"https:\/\/rnoticias.com.mx\/Portal\/wp-json\/wp\/v2\/media\/242740"}],"wp:attachment":[{"href":"https:\/\/rnoticias.com.mx\/Portal\/wp-json\/wp\/v2\/media?parent=242739"}],"wp:term":[{"taxonomy":"category","embeddable":true,"href":"https:\/\/rnoticias.com.mx\/Portal\/wp-json\/wp\/v2\/categories?post=242739"},{"taxonomy":"post_tag","embeddable":true,"href":"https:\/\/rnoticias.com.mx\/Portal\/wp-json\/wp\/v2\/tags?post=242739"}],"curies":[{"name":"wp","href":"https:\/\/api.w.org\/{rel}","templated":true}]}}