{"id":242736,"date":"2026-01-27T12:08:49","date_gmt":"2026-01-27T19:08:49","guid":{"rendered":"https:\/\/rnoticias.com.mx\/Portal\/?p=242736"},"modified":"2026-01-27T12:08:49","modified_gmt":"2026-01-27T19:08:49","slug":"el-faot-2026-celebra-un-cuarto-dia-de-arte-tradicion-y-talento-emergente","status":"publish","type":"post","link":"https:\/\/rnoticias.com.mx\/Portal\/2026\/01\/27\/el-faot-2026-celebra-un-cuarto-dia-de-arte-tradicion-y-talento-emergente\/","title":{"rendered":"El FAOT 2026 celebra un cuarto d\u00eda de arte, tradici\u00f3n y talento emergente"},"content":{"rendered":"<p>\u00c1lamos, Sonora; 27 de enero de 2026.\u2013 El cuarto d\u00eda del Festival Alfonso Ortiz Tirado (FAOT) 2026, organizado por el Gobierno de Sonora a trav\u00e9s de la Secretar\u00eda de Educaci\u00f3n y Cultura y el Instituto Sonorense de Cultura (ISC), estuvo marcado por una jornada llena de actividades que rindieron homenaje a las tradiciones sonorenses y a la nueva generaci\u00f3n de talentos art\u00edsticos.<\/p>\n<p>En la Hacienda de los Santos, los alumnos de la Universidad de Sonora presentaron El burgu\u00e9s gentilhombre, una puesta en escena que revive uno de los grandes cl\u00e1sicos del teatro universal. La interpretaci\u00f3n estuvo llena de car\u00e1cter, precisi\u00f3n y sensibilidad art\u00edstica y cautiv\u00f3 al p\u00fablico con su frescura, humor y profundidad.<\/p>\n<p>En La Ramada, se ofrecieron diversos talleres sobre tradiciones e idiomas originarios, permitiendo a los asistentes aprender y reflexionar sobre el valor de nuestras ra\u00edces culturales y ling\u00fc\u00edsticas.<\/p>\n<p>En el Museo Costumbrista de Sonora fue inaugurada La Ruta del Arte, que rindi\u00f3 homenaje a la talentosa artista visual Yolanda Jaramillo. Este a\u00f1o, su obra fue el centro de una exposici\u00f3n que celebr\u00f3 su trayectoria y aportaciones al arte. M\u00e1s tarde, en Casa Elena, se inaugur\u00f3 la exposici\u00f3n colectiva Aves en el arte gr\u00e1fico, integrada por trabajos de alumnas y alumnos de la Universidad de Sonora.<\/p>\n<p>En las Noches de Gala del Palacio Municipal se present\u00f3 la Gala oper\u00edstica de la Universidad de Sonora, recital que destac\u00f3 el talento emergente de estudiantes y egresados de la Licenciatura en M\u00fasica de la Unison. Las sopranos Laura Figueroa y Fabiola P\u00e9rez, la mezzosoprano Beatriz Ang\u00e9lica Morales y el bar\u00edtono Gerardo Sosa participaron bajo la direcci\u00f3n y acompa\u00f1amiento al piano del maestro H\u00e9ctor Acosta. La presentaci\u00f3n reflej\u00f3 la sensibilidad y disciplina art\u00edstica de las nuevas generaciones y cerr\u00f3 el cuarto d\u00eda del festival con una muestra de excelencia musical y formativa.<\/p>\n<p>Consulta la agenda de actividades culturales de la entidad en\u00a0<a href=\"http:\/\/isc.sonora.edu.mx\/\" target=\"_blank\" rel=\"noopener\" data-saferedirecturl=\"https:\/\/www.google.com\/url?q=http:\/\/isc.sonora.edu.mx&amp;source=gmail&amp;ust=1769627222227000&amp;usg=AOvVaw0--3U8sbPWngsrQAmJSzRh\">isc.sonora.edu.mx<\/a>\u00a0y en redes sociales a trav\u00e9s de @iscsonora.<\/p>\n","protected":false},"excerpt":{"rendered":"<p>\u00c1lamos, Sonora; 27 de enero de 2026.\u2013 El cuarto d\u00eda del Festival Alfonso Ortiz Tirado (FAOT) 2026, organizado por el Gobierno de Sonora a trav\u00e9s de la Secretar\u00eda de Educaci\u00f3n y Cultura y el Instituto Sonorense de Cultura (ISC), estuvo marcado por una jornada llena de actividades que rindieron homenaje a las tradiciones sonorenses y [&hellip;]<\/p>\n","protected":false},"author":2,"featured_media":242737,"comment_status":"closed","ping_status":"closed","sticky":false,"template":"","format":"standard","meta":{"footnotes":""},"categories":[12870,174],"tags":[12865,12873],"class_list":["post-242736","post","type-post","status-publish","format-standard","has-post-thumbnail","hentry","category-destacadas","category-estatal","tag-destacadas","tag-estatal"],"jetpack_featured_media_url":"https:\/\/rnoticias.com.mx\/Portal\/wp-content\/uploads\/2026\/01\/unnamed-1-32.jpg","amp_enabled":true,"_links":{"self":[{"href":"https:\/\/rnoticias.com.mx\/Portal\/wp-json\/wp\/v2\/posts\/242736","targetHints":{"allow":["GET"]}}],"collection":[{"href":"https:\/\/rnoticias.com.mx\/Portal\/wp-json\/wp\/v2\/posts"}],"about":[{"href":"https:\/\/rnoticias.com.mx\/Portal\/wp-json\/wp\/v2\/types\/post"}],"author":[{"embeddable":true,"href":"https:\/\/rnoticias.com.mx\/Portal\/wp-json\/wp\/v2\/users\/2"}],"replies":[{"embeddable":true,"href":"https:\/\/rnoticias.com.mx\/Portal\/wp-json\/wp\/v2\/comments?post=242736"}],"version-history":[{"count":1,"href":"https:\/\/rnoticias.com.mx\/Portal\/wp-json\/wp\/v2\/posts\/242736\/revisions"}],"predecessor-version":[{"id":242738,"href":"https:\/\/rnoticias.com.mx\/Portal\/wp-json\/wp\/v2\/posts\/242736\/revisions\/242738"}],"wp:featuredmedia":[{"embeddable":true,"href":"https:\/\/rnoticias.com.mx\/Portal\/wp-json\/wp\/v2\/media\/242737"}],"wp:attachment":[{"href":"https:\/\/rnoticias.com.mx\/Portal\/wp-json\/wp\/v2\/media?parent=242736"}],"wp:term":[{"taxonomy":"category","embeddable":true,"href":"https:\/\/rnoticias.com.mx\/Portal\/wp-json\/wp\/v2\/categories?post=242736"},{"taxonomy":"post_tag","embeddable":true,"href":"https:\/\/rnoticias.com.mx\/Portal\/wp-json\/wp\/v2\/tags?post=242736"}],"curies":[{"name":"wp","href":"https:\/\/api.w.org\/{rel}","templated":true}]}}