{"id":242733,"date":"2026-01-27T12:07:58","date_gmt":"2026-01-27T19:07:58","guid":{"rendered":"https:\/\/rnoticias.com.mx\/Portal\/?p=242733"},"modified":"2026-01-27T12:07:58","modified_gmt":"2026-01-27T19:07:58","slug":"impulsa-gobierno-de-sonora-desarrollo-profesional-de-las-juventudes-en-ures-altar-y-basconcobe-uthermosillo","status":"publish","type":"post","link":"https:\/\/rnoticias.com.mx\/Portal\/2026\/01\/27\/impulsa-gobierno-de-sonora-desarrollo-profesional-de-las-juventudes-en-ures-altar-y-basconcobe-uthermosillo\/","title":{"rendered":"Impulsa Gobierno de Sonora desarrollo profesional de las juventudes en Ures, Altar y Basconcobe: UTHermosillo"},"content":{"rendered":"<p>Hermosillo, Sonora; 27 de enero de 2026.- Con el objetivo de apoyar el desarrollo industrial, econ\u00f3mico y educativo en toda la entidad, la Universidad Tecnol\u00f3gica de Hermosillo (UTH) impulsa una alanza tecno-industrial con autoridades de la Direcci\u00f3n General de Educaci\u00f3n Tecnol\u00f3gica Agropecuaria y Ciencias del Mar (Dgetaycm) y el Centro de Bachillerato Tecnol\u00f3gico Agropecuario (CBTA).<\/p>\n<p>Durante una reuni\u00f3n de colaboraci\u00f3n con las autoridades educativas federales, se abordaron proyectos como la creaci\u00f3n de parques tecnol\u00f3gicos, incubadoras de empresas, cl\u00fasteres escolares agroalimentarios, tecnolog\u00edas alimentadas por energ\u00eda solar, entre otros.<\/p>\n<p>Abel Leyva Castellanos, rector de la UTH, enfatiz\u00f3 la importancia de la coordinaci\u00f3n para consolidar los procesos de aprendizaje, tanto de j\u00f3venes de educaci\u00f3n media superior como superior; adem\u00e1s, subray\u00f3 que los proyectos impulsar\u00e1n actividades econ\u00f3micas clave en los municipios de Ures, Etchojoa y Altar.<\/p>\n<p>Por su parte, Dulce Abilene Peralta Bracamonte, directora general de Educaci\u00f3n Superior de la SEC, resalt\u00f3 que estas iniciativas se adhieren a las instrucciones del gobernador Alfonso Durazo de promover el crecimiento educativo en toda la entidad, pues es desde las aulas que se fortalece al pa\u00eds.<\/p>\n<p>De igual manera, Juli\u00e1n Mart\u00ednez Castro, responsable de la Oficina Estatal de la Dgetaycm en Sonora, refrend\u00f3 el compromiso del subsistema para llevar a cabo los planes de trabajo propuestos, enfatizando que directivos y docentes de los CBTA\u2019s No. 161 (Ures), No. 97 (Basconcobe) y No. 262 (Altar) han mostrado un alto inter\u00e9s en colaborar para detonar el desarrollo regional.<\/p>\n","protected":false},"excerpt":{"rendered":"<p>Hermosillo, Sonora; 27 de enero de 2026.- Con el objetivo de apoyar el desarrollo industrial, econ\u00f3mico y educativo en toda la entidad, la Universidad Tecnol\u00f3gica de Hermosillo (UTH) impulsa una alanza tecno-industrial con autoridades de la Direcci\u00f3n General de Educaci\u00f3n Tecnol\u00f3gica Agropecuaria y Ciencias del Mar (Dgetaycm) y el Centro de Bachillerato Tecnol\u00f3gico Agropecuario (CBTA). [&hellip;]<\/p>\n","protected":false},"author":2,"featured_media":242734,"comment_status":"closed","ping_status":"closed","sticky":false,"template":"","format":"standard","meta":{"footnotes":""},"categories":[12870,178],"tags":[12865,12869],"class_list":["post-242733","post","type-post","status-publish","format-standard","has-post-thumbnail","hentry","category-destacadas","category-local","tag-destacadas","tag-local"],"jetpack_featured_media_url":"https:\/\/rnoticias.com.mx\/Portal\/wp-content\/uploads\/2026\/01\/unnamed-64.jpg","amp_enabled":true,"_links":{"self":[{"href":"https:\/\/rnoticias.com.mx\/Portal\/wp-json\/wp\/v2\/posts\/242733","targetHints":{"allow":["GET"]}}],"collection":[{"href":"https:\/\/rnoticias.com.mx\/Portal\/wp-json\/wp\/v2\/posts"}],"about":[{"href":"https:\/\/rnoticias.com.mx\/Portal\/wp-json\/wp\/v2\/types\/post"}],"author":[{"embeddable":true,"href":"https:\/\/rnoticias.com.mx\/Portal\/wp-json\/wp\/v2\/users\/2"}],"replies":[{"embeddable":true,"href":"https:\/\/rnoticias.com.mx\/Portal\/wp-json\/wp\/v2\/comments?post=242733"}],"version-history":[{"count":1,"href":"https:\/\/rnoticias.com.mx\/Portal\/wp-json\/wp\/v2\/posts\/242733\/revisions"}],"predecessor-version":[{"id":242735,"href":"https:\/\/rnoticias.com.mx\/Portal\/wp-json\/wp\/v2\/posts\/242733\/revisions\/242735"}],"wp:featuredmedia":[{"embeddable":true,"href":"https:\/\/rnoticias.com.mx\/Portal\/wp-json\/wp\/v2\/media\/242734"}],"wp:attachment":[{"href":"https:\/\/rnoticias.com.mx\/Portal\/wp-json\/wp\/v2\/media?parent=242733"}],"wp:term":[{"taxonomy":"category","embeddable":true,"href":"https:\/\/rnoticias.com.mx\/Portal\/wp-json\/wp\/v2\/categories?post=242733"},{"taxonomy":"post_tag","embeddable":true,"href":"https:\/\/rnoticias.com.mx\/Portal\/wp-json\/wp\/v2\/tags?post=242733"}],"curies":[{"name":"wp","href":"https:\/\/api.w.org\/{rel}","templated":true}]}}