{"id":242698,"date":"2026-01-27T09:15:26","date_gmt":"2026-01-27T16:15:26","guid":{"rendered":"https:\/\/rnoticias.com.mx\/Portal\/?p=242698"},"modified":"2026-01-27T09:15:26","modified_gmt":"2026-01-27T16:15:26","slug":"ine-destaca-el-trabajo-coordinado-con-el-ieepco-en-la-revocacion-de-mandato-en-oaxaca","status":"publish","type":"post","link":"https:\/\/rnoticias.com.mx\/Portal\/2026\/01\/27\/ine-destaca-el-trabajo-coordinado-con-el-ieepco-en-la-revocacion-de-mandato-en-oaxaca\/","title":{"rendered":"INE destaca el trabajo coordinado con el IEEPCO en la Revocaci\u00f3n de Mandato en Oaxaca"},"content":{"rendered":"<p class=\"x_MsoNormal\"><a name=\"x__Hlk192875354\"><\/a><span data-olk-copy-source=\"MessageBody\">Este domingo 25 de enero de 2026 se llev\u00f3 a cabo la Jornada de Revocaci\u00f3n de Mandato, ejercicio organizado de manera conjunta por el Instituto Nacional Electoral (INE) y el Instituto Estatal Electoral y de Participaci\u00f3n Ciudadana de Oaxaca (IEEPCO), mediante el cual la ciudadan\u00eda pudo decidir sobre la permanencia de la persona titular de la Gubernatura del estado de Oaxaca para el periodo constitucional 2022\u20132028.<\/span><\/p>\n<p class=\"x_MsoNormal\">\n<p class=\"x_MsoNormal\">En punto de las 8:14 horas, la Consejera Presidenta del IEEPCO, Elizabeth S\u00e1nchez Gonz\u00e1lez, declar\u00f3 instalada la sesi\u00f3n permanente del Consejo General, con el objetivo de dar seguimiento al desarrollo de la Jornada de Revocaci\u00f3n de Mandato en la entidad.<\/p>\n<p class=\"x_MsoNormal\">\n<p class=\"x_MsoNormal\">En calidad de personas invitadas especiales asistieron, por parte del Instituto Nacional Electoral, la Consejera Electoral Rita Bell L\u00f3pez Vences; el Vocal Ejecutivo de la Junta Local Ejecutiva, Mart\u00edn Mart\u00ednez Cort\u00e1zar, as\u00ed como los funcionarios Pedro Pablo Chirinos Ben\u00edtez, Jorge Egren Moreno Troncoso y Jos\u00e9 Alberto P\u00e9rez de Acha.<\/p>\n<p class=\"x_MsoNormal\">\n<p class=\"x_MsoNormal\">Para este ejercicio in\u00e9dito, el Organismo P\u00fablico Local electoral program\u00f3 la instalaci\u00f3n de 2 mil 815 casillas y garantiz\u00f3 la impresi\u00f3n y distribuci\u00f3n de m\u00e1s de 3 millones de boletas, a fin de que las 3 millones 132 mil personas inscritas en la Lista Nominal de Electores, con corte al 31 de diciembre de 2025, pudieran ejercer su derecho a la participaci\u00f3n.<\/p>\n<p class=\"x_MsoNormal\">\n<p class=\"x_MsoNormal\">Una vez concluida la Jornada de Revocaci\u00f3n de Mandato y realizado el cierre de casillas a las 18:00 horas, la ciudadan\u00eda podr\u00e1 dar seguimiento a los resultados a trav\u00e9s del Sistema de C\u00f3mputos de la Revocaci\u00f3n de Mandato (SISCORMA), herramienta que permitir\u00e1 consultar de manera transparente y oportuna el avance de los c\u00f3mputos, disponible en la siguiente liga:\u00a0<a title=\"https:\/\/www.ieepco.org.mx\/siscorma2026\/compu\/ini\" href=\"https:\/\/www.ieepco.org.mx\/siscorma2026\/compu\/ini\" target=\"_blank\" rel=\"noopener noreferrer\" data-auth=\"NotApplicable\" data-linkindex=\"0\">https:\/\/www.ieepco.org.mx\/siscorma2026\/compu\/ini<\/a><\/p>\n<p class=\"x_MsoNormal\">\n<p class=\"x_MsoNormal\">A lo largo de todo el proceso de Revocaci\u00f3n de Mandato, el IEEPCO trabaj\u00f3 de manera permanente y coordinada con el Instituto Nacional Electoral; mantuvo una estrecha comunicaci\u00f3n y colaboraci\u00f3n institucional que permiti\u00f3 el adecuado desarrollo de cada una de las etapas del ejercicio, previo y durante la jornada. Esta coordinaci\u00f3n se reflej\u00f3 tanto en la planeaci\u00f3n como en la ejecuci\u00f3n de las actividades operativas y t\u00e9cnicas, garantizando los principios de certeza y legalidad.<\/p>\n<p class=\"x_MsoNormal\">\n<p class=\"x_MsoNormal\">El Instituto Nacional Electoral reconoce el compromiso, la dedicaci\u00f3n y el esfuerzo del IEEPCO para hacer posible, en un plazo r\u00e9cord, la organizaci\u00f3n de este ejercicio de participaci\u00f3n ciudadana, destacando que esta experiencia podr\u00e1 servir como ejemplo para otras entidades federativas.<\/p>\n<p class=\"x_MsoNormal\">\n<p class=\"x_MsoNormal\">Asimismo, reconoce que la coordinaci\u00f3n interinstitucional con el IEEPCO ha resultado exitosa y fundamental para lograr una organizaci\u00f3n \u00e1gil, r\u00e1pida y efectiva del proceso de Revocaci\u00f3n de Mandato en la entidad.<\/p>\n","protected":false},"excerpt":{"rendered":"<p>Este domingo 25 de enero de 2026 se llev\u00f3 a cabo la Jornada de Revocaci\u00f3n de Mandato, ejercicio organizado de manera conjunta por el Instituto Nacional Electoral (INE) y el Instituto Estatal Electoral y de Participaci\u00f3n Ciudadana de Oaxaca (IEEPCO), mediante el cual la ciudadan\u00eda pudo decidir sobre la permanencia de la persona titular de [&hellip;]<\/p>\n","protected":false},"author":2,"featured_media":242699,"comment_status":"closed","ping_status":"closed","sticky":false,"template":"","format":"standard","meta":{"footnotes":""},"categories":[12870,12868],"tags":[12865,12879],"class_list":["post-242698","post","type-post","status-publish","format-standard","has-post-thumbnail","hentry","category-destacadas","category-politica","tag-destacadas","tag-politica"],"jetpack_featured_media_url":"https:\/\/rnoticias.com.mx\/Portal\/wp-content\/uploads\/2026\/01\/32.jpeg","amp_enabled":true,"_links":{"self":[{"href":"https:\/\/rnoticias.com.mx\/Portal\/wp-json\/wp\/v2\/posts\/242698","targetHints":{"allow":["GET"]}}],"collection":[{"href":"https:\/\/rnoticias.com.mx\/Portal\/wp-json\/wp\/v2\/posts"}],"about":[{"href":"https:\/\/rnoticias.com.mx\/Portal\/wp-json\/wp\/v2\/types\/post"}],"author":[{"embeddable":true,"href":"https:\/\/rnoticias.com.mx\/Portal\/wp-json\/wp\/v2\/users\/2"}],"replies":[{"embeddable":true,"href":"https:\/\/rnoticias.com.mx\/Portal\/wp-json\/wp\/v2\/comments?post=242698"}],"version-history":[{"count":1,"href":"https:\/\/rnoticias.com.mx\/Portal\/wp-json\/wp\/v2\/posts\/242698\/revisions"}],"predecessor-version":[{"id":242700,"href":"https:\/\/rnoticias.com.mx\/Portal\/wp-json\/wp\/v2\/posts\/242698\/revisions\/242700"}],"wp:featuredmedia":[{"embeddable":true,"href":"https:\/\/rnoticias.com.mx\/Portal\/wp-json\/wp\/v2\/media\/242699"}],"wp:attachment":[{"href":"https:\/\/rnoticias.com.mx\/Portal\/wp-json\/wp\/v2\/media?parent=242698"}],"wp:term":[{"taxonomy":"category","embeddable":true,"href":"https:\/\/rnoticias.com.mx\/Portal\/wp-json\/wp\/v2\/categories?post=242698"},{"taxonomy":"post_tag","embeddable":true,"href":"https:\/\/rnoticias.com.mx\/Portal\/wp-json\/wp\/v2\/tags?post=242698"}],"curies":[{"name":"wp","href":"https:\/\/api.w.org\/{rel}","templated":true}]}}