{"id":242695,"date":"2026-01-27T09:13:26","date_gmt":"2026-01-27T16:13:26","guid":{"rendered":"https:\/\/rnoticias.com.mx\/Portal\/?p=242695"},"modified":"2026-01-27T09:13:26","modified_gmt":"2026-01-27T16:13:26","slug":"moderniza-ine-sus-protocolos-de-seguridad-despues-de-15-anos-de-rezago-tecnologico","status":"publish","type":"post","link":"https:\/\/rnoticias.com.mx\/Portal\/2026\/01\/27\/moderniza-ine-sus-protocolos-de-seguridad-despues-de-15-anos-de-rezago-tecnologico\/","title":{"rendered":"Moderniza INE sus protocolos de seguridad despu\u00e9s de 15 a\u00f1os de rezago tecnol\u00f3gico"},"content":{"rendered":"<p class=\"x_MsoNormal\"><span data-olk-copy-source=\"MessageBody\">Las medidas de seguridad y control de acceso implementadas por el Instituto Nacional Electoral (INE) obedecen a una necesidad de modernizaci\u00f3n y actualizaci\u00f3n postergada durante casi 15 a\u00f1os, y tienen por objetivo proteger la funci\u00f3n constitucional que le ha sido encomendada: organizar elecciones y garantizar los derechos pol\u00edtico-electorales de la ciudadan\u00eda.<\/span><\/p>\n<p class=\"x_MsoNormal\">\n<p class=\"x_MsoNormal\">En un ejercicio de apertura, el Encargado del Despacho de la Unidad T\u00e9cnica de Servicios de Inform\u00e1tica, Jos\u00e9 Alberto P\u00e9rez de Acha, y la Coordinadora de Seguridad y Protecci\u00f3n Civil, Ofelia S\u00e1nchez Fr\u00edas, realizaron un recorrido con representantes de los medios de comunicaci\u00f3n, a fin de que \u00e9stos pudieran conocer c\u00f3mo funcionar\u00e1n los nuevos sistemas de seguridad y control en los diferentes edificios de la sede central de la instituci\u00f3n.<\/p>\n<p class=\"x_MsoNormal\">\n<p class=\"x_MsoNormal\">Es importante mencionar que tuvieron que transcurrir casi 15 a\u00f1os para que el INE pudiera dar este paso de modernizaci\u00f3n y actualizaci\u00f3n, lapso en el que oper\u00f3 con sistemas manuales y tecnolog\u00eda hoy rebasada, inform\u00f3 P\u00e9rez de Acha. Hoy, la modernizaci\u00f3n y actualizaci\u00f3n se implementar\u00e1 en ocho inmuebles del sector central del INE y en sus 32 juntas locales estatales, agreg\u00f3 a su vez S\u00e1nchez Fr\u00edas.<\/p>\n<p class=\"x_MsoNormal\">\n<p class=\"x_MsoNormal\">Las medidas adoptadas por el INE se alinean con pr\u00e1cticas ampliamente implementadas en otras instituciones p\u00fablicas de alta relevancia constitucional, como tribunales, \u00f3rganos jurisdiccionales y poderes del Estado.<\/p>\n<p class=\"x_MsoNormal\">\n<p class=\"x_MsoNormal\">En distintos momentos del recorrido, ambos servidores p\u00fablicos comentaron que las c\u00e1maras instaladas se limitar\u00e1n exclusivamente a videovigilancia, y operar\u00e1n s\u00f3lo en zonas comunes, pasillos y puntos de acceso, bajo criterios de seguridad perimetral y con car\u00e1cter preventivo.<\/p>\n<p class=\"x_MsoNormal\">\n<p class=\"x_MsoNormal\">Los sistemas de control de acceso automatizados facilitar\u00e1n el ingreso de personas acreditadas, optimizan la gesti\u00f3n de incidentes y buscan salvaguardar los derechos laborales.<\/p>\n<p class=\"x_MsoNormal\">\n<p class=\"x_MsoNormal\">Precisaron que, con estas acciones, se sustituir\u00e1n mecanismos manuales y obsoletos por herramientas modernas para una mejor gesti\u00f3n de flujo de personas, mayor seguimiento a detalle de posibles incidentes y protecci\u00f3n de \u00e1reas sensibles.<\/p>\n<p class=\"x_MsoNormal\">\n<p class=\"x_MsoNormal\">Adem\u00e1s, indicaron, estos sistemas incorporan protocolos de protecci\u00f3n civil, como mecanismos de liberaci\u00f3n autom\u00e1tica en caso de evacuaci\u00f3n o fallas el\u00e9ctricas, reforzando su car\u00e1cter preventivo y orientado a la seguridad de las personas.<\/p>\n<p class=\"x_MsoNormal\">\n<p class=\"x_MsoNormal\">Los sistemas que el INE est\u00e1 implementando sirven para ordenar el acceso, registrar entradas y salidas, buscan prevenir riesgos y proteger a trabajadoras y trabajadores, al igual que a aproximadamente mil visitantes que recibe el Instituto diariamente.<\/p>\n<p class=\"x_MsoNormal\">\n<p class=\"x_MsoNormal\">En la Sala de Prensa del Instituto, a las preguntas de reporteras y reporteros, los encargados del recorrido informaron que estos sistemas tecnol\u00f3gicos -con 10 a\u00f1os de garant\u00eda- entrar\u00e1n en operaci\u00f3n a principios de febrero pr\u00f3ximo, y aclararon que se est\u00e1 trabajando en los lineamientos y protocolos para los diferentes accesos, uno de los cuales ser\u00e1 especial para la prensa previamente acreditada con gafete permanente.<\/p>\n<p class=\"x_MsoNormal\">\n<p class=\"x_MsoNormal\">Respecto del funcionamiento de las c\u00e1maras de videovigilancia, que fueron asignadas a la empresa contratista Verkada, se\u00f1alaron que se trata de equipos comerciales comunes y corrientes -como los instalados en cualquier organismo o dependencia p\u00fablica-, entre cuyas funciones est\u00e1n detectar cu\u00e1ndo entra o sale una persona;\u00a0<i>disparar<\/i>\u00a0alertas si se derrama un l\u00edquido o si una persona tropieza y cae, as\u00ed como establecerles par\u00e1metros especiales con horarios no laborales.<\/p>\n<p class=\"x_MsoNormal\">\n<p class=\"x_MsoNormal\">Finalmente, aseveraron que, en el marco de la implementaci\u00f3n de los lineamientos y protocolos, se consider\u00f3 un proceso de capacitaci\u00f3n en tecnolog\u00edas de la informaci\u00f3n impartida por el fabricante al personal que se encargar\u00e1 de la seguridad y vigilancia de las instalaciones del INE.<\/p>\n","protected":false},"excerpt":{"rendered":"<p>Las medidas de seguridad y control de acceso implementadas por el Instituto Nacional Electoral (INE) obedecen a una necesidad de modernizaci\u00f3n y actualizaci\u00f3n postergada durante casi 15 a\u00f1os, y tienen por objetivo proteger la funci\u00f3n constitucional que le ha sido encomendada: organizar elecciones y garantizar los derechos pol\u00edtico-electorales de la ciudadan\u00eda. En un ejercicio de [&hellip;]<\/p>\n","protected":false},"author":2,"featured_media":242696,"comment_status":"closed","ping_status":"closed","sticky":false,"template":"","format":"standard","meta":{"footnotes":""},"categories":[12870,12868],"tags":[12865,12879],"class_list":["post-242695","post","type-post","status-publish","format-standard","has-post-thumbnail","hentry","category-destacadas","category-politica","tag-destacadas","tag-politica"],"jetpack_featured_media_url":"https:\/\/rnoticias.com.mx\/Portal\/wp-content\/uploads\/2026\/01\/WhatsApp-Image-2026-01-23-at-4.25.03-PM-1.jpeg","amp_enabled":true,"_links":{"self":[{"href":"https:\/\/rnoticias.com.mx\/Portal\/wp-json\/wp\/v2\/posts\/242695","targetHints":{"allow":["GET"]}}],"collection":[{"href":"https:\/\/rnoticias.com.mx\/Portal\/wp-json\/wp\/v2\/posts"}],"about":[{"href":"https:\/\/rnoticias.com.mx\/Portal\/wp-json\/wp\/v2\/types\/post"}],"author":[{"embeddable":true,"href":"https:\/\/rnoticias.com.mx\/Portal\/wp-json\/wp\/v2\/users\/2"}],"replies":[{"embeddable":true,"href":"https:\/\/rnoticias.com.mx\/Portal\/wp-json\/wp\/v2\/comments?post=242695"}],"version-history":[{"count":1,"href":"https:\/\/rnoticias.com.mx\/Portal\/wp-json\/wp\/v2\/posts\/242695\/revisions"}],"predecessor-version":[{"id":242697,"href":"https:\/\/rnoticias.com.mx\/Portal\/wp-json\/wp\/v2\/posts\/242695\/revisions\/242697"}],"wp:featuredmedia":[{"embeddable":true,"href":"https:\/\/rnoticias.com.mx\/Portal\/wp-json\/wp\/v2\/media\/242696"}],"wp:attachment":[{"href":"https:\/\/rnoticias.com.mx\/Portal\/wp-json\/wp\/v2\/media?parent=242695"}],"wp:term":[{"taxonomy":"category","embeddable":true,"href":"https:\/\/rnoticias.com.mx\/Portal\/wp-json\/wp\/v2\/categories?post=242695"},{"taxonomy":"post_tag","embeddable":true,"href":"https:\/\/rnoticias.com.mx\/Portal\/wp-json\/wp\/v2\/tags?post=242695"}],"curies":[{"name":"wp","href":"https:\/\/api.w.org\/{rel}","templated":true}]}}