{"id":242621,"date":"2026-01-26T20:13:23","date_gmt":"2026-01-27T03:13:23","guid":{"rendered":"https:\/\/rnoticias.com.mx\/Portal\/?p=242621"},"modified":"2026-01-26T20:13:23","modified_gmt":"2026-01-27T03:13:23","slug":"llama-secretaria-de-salud-a-reforzar-medidas-preventivas-ante-el-frio-en-sonora","status":"publish","type":"post","link":"https:\/\/rnoticias.com.mx\/Portal\/2026\/01\/26\/llama-secretaria-de-salud-a-reforzar-medidas-preventivas-ante-el-frio-en-sonora\/","title":{"rendered":"Llama Secretar\u00eda de Salud a reforzar medidas preventivas ante el fr\u00edo en Sonora"},"content":{"rendered":"<p>Hermosillo, Sonora; 26 de enero de 2026.\u2013 Ante la llegada de nuevos frentes fr\u00edos y el impacto de la tercera tormenta invernal en Sonora, la Secretar\u00eda de Salud P\u00fablica (SSP) del Gobierno de Sonora exhort\u00f3 a la poblaci\u00f3n a reforzar medidas de prevenci\u00f3n, especialmente en municipios de la zona serrana donde se prev\u00e9n temperaturas bajo cero.<\/p>\n<p>Durante la temporada invernal aumenta el riesgo de intoxicaciones por mon\u00f3xido de carbono debido al uso inadecuado de calentones de gas, estufas de le\u00f1a, anafres y fogatas dentro de los hogares, principalmente cuando no existe una ventilaci\u00f3n adecuada.<\/p>\n<p>El coordinador estatal del Programa de Urgencias Epidemiol\u00f3gicas y Desastres, Pl\u00e1cido Bernando Ram\u00edrez Uribe, se\u00f1al\u00f3 que este gas se produce por procesos de combusti\u00f3n y puede acumularse de forma paulatina en espacios cerrados. \u201cEl riesgo actualmente son las intoxicaciones por mon\u00f3xido de carbono, que no siempre se presentan de manera repentina, sino progresiva\u201d, alert\u00f3.<\/p>\n<p>Entre los principales s\u00edntomas de intoxicaci\u00f3n se encuentran dolor de cabeza, mareos, n\u00e1useas, v\u00f3mito y somnolencia, los cuales pueden agravarse hasta provocar una intoxicaci\u00f3n severa e incluso la muerte, debido a que la sangre pierde la capacidad de oxigenar adecuadamente al organismo.<\/p>\n<p>La SSP reiter\u00f3 que la mejor medida es la prevenci\u00f3n, recomendando evitar el uso de fogatas o anafres al interior de las viviendas, mantener una ventana abierta de 10 a 15 cent\u00edmetros cuando se utilicen calentones de gas y revisar peri\u00f3dicamente el estado de estos dispositivos.<\/p>\n<p>Finalmente, se hizo un llamado a mantenerse atentos a los pron\u00f3sticos meteorol\u00f3gicos y a las recomendaciones emitidas por la Comisi\u00f3n Nacional del Agua y Protecci\u00f3n Civil, a fin de reducir riesgos y proteger la salud durante la temporada de fr\u00edo en la entidad.<\/p>\n","protected":false},"excerpt":{"rendered":"<p>Hermosillo, Sonora; 26 de enero de 2026.\u2013 Ante la llegada de nuevos frentes fr\u00edos y el impacto de la tercera tormenta invernal en Sonora, la Secretar\u00eda de Salud P\u00fablica (SSP) del Gobierno de Sonora exhort\u00f3 a la poblaci\u00f3n a reforzar medidas de prevenci\u00f3n, especialmente en municipios de la zona serrana donde se prev\u00e9n temperaturas bajo [&hellip;]<\/p>\n","protected":false},"author":2,"featured_media":242622,"comment_status":"closed","ping_status":"closed","sticky":false,"template":"","format":"standard","meta":{"footnotes":""},"categories":[12870,178],"tags":[12865,12869],"class_list":["post-242621","post","type-post","status-publish","format-standard","has-post-thumbnail","hentry","category-destacadas","category-local","tag-destacadas","tag-local"],"jetpack_featured_media_url":"https:\/\/rnoticias.com.mx\/Portal\/wp-content\/uploads\/2026\/01\/4.jpg","amp_enabled":true,"_links":{"self":[{"href":"https:\/\/rnoticias.com.mx\/Portal\/wp-json\/wp\/v2\/posts\/242621","targetHints":{"allow":["GET"]}}],"collection":[{"href":"https:\/\/rnoticias.com.mx\/Portal\/wp-json\/wp\/v2\/posts"}],"about":[{"href":"https:\/\/rnoticias.com.mx\/Portal\/wp-json\/wp\/v2\/types\/post"}],"author":[{"embeddable":true,"href":"https:\/\/rnoticias.com.mx\/Portal\/wp-json\/wp\/v2\/users\/2"}],"replies":[{"embeddable":true,"href":"https:\/\/rnoticias.com.mx\/Portal\/wp-json\/wp\/v2\/comments?post=242621"}],"version-history":[{"count":1,"href":"https:\/\/rnoticias.com.mx\/Portal\/wp-json\/wp\/v2\/posts\/242621\/revisions"}],"predecessor-version":[{"id":242623,"href":"https:\/\/rnoticias.com.mx\/Portal\/wp-json\/wp\/v2\/posts\/242621\/revisions\/242623"}],"wp:featuredmedia":[{"embeddable":true,"href":"https:\/\/rnoticias.com.mx\/Portal\/wp-json\/wp\/v2\/media\/242622"}],"wp:attachment":[{"href":"https:\/\/rnoticias.com.mx\/Portal\/wp-json\/wp\/v2\/media?parent=242621"}],"wp:term":[{"taxonomy":"category","embeddable":true,"href":"https:\/\/rnoticias.com.mx\/Portal\/wp-json\/wp\/v2\/categories?post=242621"},{"taxonomy":"post_tag","embeddable":true,"href":"https:\/\/rnoticias.com.mx\/Portal\/wp-json\/wp\/v2\/tags?post=242621"}],"curies":[{"name":"wp","href":"https:\/\/api.w.org\/{rel}","templated":true}]}}