{"id":242618,"date":"2026-01-26T20:12:06","date_gmt":"2026-01-27T03:12:06","guid":{"rendered":"https:\/\/rnoticias.com.mx\/Portal\/?p=242618"},"modified":"2026-01-26T20:12:06","modified_gmt":"2026-01-27T03:12:06","slug":"implementa-gobierno-de-sonora-tercera-fase-de-la-estrategia-nacional-vive-saludable-vive-feliz-sec","status":"publish","type":"post","link":"https:\/\/rnoticias.com.mx\/Portal\/2026\/01\/26\/implementa-gobierno-de-sonora-tercera-fase-de-la-estrategia-nacional-vive-saludable-vive-feliz-sec\/","title":{"rendered":"Implementa Gobierno de Sonora tercera fase de la Estrategia Nacional \u201cVive saludable, vive feliz\u201d: SEC"},"content":{"rendered":"<p>Hermosillo, Sonora; 26 de enero de 2026.- Para garantizar el bienestar y el desarrollo integral de ni\u00f1as y ni\u00f1os de nivel primaria, en todas sus modalidades, el Gobierno de Sonora, a trav\u00e9s de la Secretar\u00eda de Educaci\u00f3n y Cultura (SEC), inici\u00f3 la tercera fase de la Estrategia Nacional \u201cVive saludable, vive feliz\u201d, impulsada por el Gobierno de M\u00e9xico.<\/p>\n<p>El objetivo es fortalecer pol\u00edticas p\u00fablicas que priorizan la salud, la prevenci\u00f3n y el bienestar de las familias sonorenses, como parte del compromiso de la presidenta Claudia Sheinbaum, con el respaldo del gobernador Alfonso Durazo Monta\u00f1o, de crear escuelas saludables, donde la salud f\u00edsica y emocional de las y los estudiantes sea una prioridad.<\/p>\n<p>El titular de la SEC, Froyl\u00e1n G\u00e1mez Gamboa, acompa\u00f1ado de autoridades estatales y federales del sector salud, as\u00ed como de DIF Sonora, supervis\u00f3 el arranque de las jornadas de salud en la primaria \u201cNueva Creaci\u00f3n Antorcha Campesina\u201d, donde las brigadas llevaron a cabo la revisi\u00f3n de los menores con el consentimiento de los padres y madres de familia.<\/p>\n<p>Enfatiz\u00f3 que este tipo de acciones contribuyen a que en el futuro no tengan que enfrentar enfermedades cr\u00f3nicas, tratamientos dif\u00edciles o limitaciones que impidan cumplir sus sue\u00f1os, incrementando sus oportunidades de convertirse en profesionistas exitosos, que apoyen a sus familias y que tengan una vida plena.<\/p>\n<p>Como parte del programa, enfermeras y enfermeros del Instituto Mexicano del Seguro Social (IMSS-Bienestar), as\u00ed como personal de la Secretar\u00eda de Salud y el DIF Sonora, visitar\u00e1n escuelas para revisar la salud visual y bucal, adem\u00e1s de promover la alimentaci\u00f3n saludable, contribuyendo al registro nacional de salud infantil.<\/p>\n<p>La Estrategia Nacional \u201cVive saludable, vive feliz\u201d es un programa integral que abarca diversas \u00e1reas clave para el bienestar estudiantil, tales como alimentaci\u00f3n saludable, prevenci\u00f3n de enfermedades, salud bucal y visual, fomento del deporte y la actividad f\u00edsica, salud mental y prevenci\u00f3n de adicciones.<\/p>\n","protected":false},"excerpt":{"rendered":"<p>Hermosillo, Sonora; 26 de enero de 2026.- Para garantizar el bienestar y el desarrollo integral de ni\u00f1as y ni\u00f1os de nivel primaria, en todas sus modalidades, el Gobierno de Sonora, a trav\u00e9s de la Secretar\u00eda de Educaci\u00f3n y Cultura (SEC), inici\u00f3 la tercera fase de la Estrategia Nacional \u201cVive saludable, vive feliz\u201d, impulsada por el [&hellip;]<\/p>\n","protected":false},"author":2,"featured_media":242619,"comment_status":"closed","ping_status":"closed","sticky":false,"template":"","format":"standard","meta":{"footnotes":""},"categories":[12870,178],"tags":[12865,12869],"class_list":["post-242618","post","type-post","status-publish","format-standard","has-post-thumbnail","hentry","category-destacadas","category-local","tag-destacadas","tag-local"],"jetpack_featured_media_url":"https:\/\/rnoticias.com.mx\/Portal\/wp-content\/uploads\/2026\/01\/2-1.jpg","amp_enabled":true,"_links":{"self":[{"href":"https:\/\/rnoticias.com.mx\/Portal\/wp-json\/wp\/v2\/posts\/242618","targetHints":{"allow":["GET"]}}],"collection":[{"href":"https:\/\/rnoticias.com.mx\/Portal\/wp-json\/wp\/v2\/posts"}],"about":[{"href":"https:\/\/rnoticias.com.mx\/Portal\/wp-json\/wp\/v2\/types\/post"}],"author":[{"embeddable":true,"href":"https:\/\/rnoticias.com.mx\/Portal\/wp-json\/wp\/v2\/users\/2"}],"replies":[{"embeddable":true,"href":"https:\/\/rnoticias.com.mx\/Portal\/wp-json\/wp\/v2\/comments?post=242618"}],"version-history":[{"count":1,"href":"https:\/\/rnoticias.com.mx\/Portal\/wp-json\/wp\/v2\/posts\/242618\/revisions"}],"predecessor-version":[{"id":242620,"href":"https:\/\/rnoticias.com.mx\/Portal\/wp-json\/wp\/v2\/posts\/242618\/revisions\/242620"}],"wp:featuredmedia":[{"embeddable":true,"href":"https:\/\/rnoticias.com.mx\/Portal\/wp-json\/wp\/v2\/media\/242619"}],"wp:attachment":[{"href":"https:\/\/rnoticias.com.mx\/Portal\/wp-json\/wp\/v2\/media?parent=242618"}],"wp:term":[{"taxonomy":"category","embeddable":true,"href":"https:\/\/rnoticias.com.mx\/Portal\/wp-json\/wp\/v2\/categories?post=242618"},{"taxonomy":"post_tag","embeddable":true,"href":"https:\/\/rnoticias.com.mx\/Portal\/wp-json\/wp\/v2\/tags?post=242618"}],"curies":[{"name":"wp","href":"https:\/\/api.w.org\/{rel}","templated":true}]}}