{"id":242594,"date":"2026-01-26T19:59:54","date_gmt":"2026-01-27T02:59:54","guid":{"rendered":"https:\/\/rnoticias.com.mx\/Portal\/?p=242594"},"modified":"2026-01-26T19:59:54","modified_gmt":"2026-01-27T02:59:54","slug":"dara-inicio-el-decimo-ciclo-de-conferencias-tardes-de-cafeinah","status":"publish","type":"post","link":"https:\/\/rnoticias.com.mx\/Portal\/2026\/01\/26\/dara-inicio-el-decimo-ciclo-de-conferencias-tardes-de-cafeinah\/","title":{"rendered":"Dar\u00e1 inicio el D\u00e9cimo ciclo de conferencias Tardes de Caf\u00e9INAH"},"content":{"rendered":"<div class=\"x_elementToProof\"><b data-olk-copy-source=\"MessageBody\">26 de enero de 2026, Hermosillo, Sonora.<\/b>\u00a0\u2013 El\u00a0<b>Instituto Nacional de Antropolog\u00eda e Historia en Sonora<\/b>, dentro de las actividades de su agenda cultural 2026, dar\u00e1 inicio al d\u00e9cimo ciclo de conferencias\u00a0<b>Tardes de Caf\u00e9INAH\u00a0<\/b>con la charla titulada<b>\u00a0\u201cFiestas de La Candelaria, en Ures, Sonora,\u00a0<\/b>impartida por la\u00a0<b>Dra.<\/b>\u00a0<b>Delia Mar\u00eda Pi\u00f1a Aguirre,\u00a0<\/b>el pr\u00f3ximo\u00a0<b>viernes 30 de enero del presente a\u00f1o<\/b>, a las\u00a0<b>17:00 horas<\/b>\u00a0en las instalaciones del Museo Regional de Sonora, la Antigua Penitenciar\u00eda del Estado.<\/div>\n<div class=\"x_elementToProof\" aria-hidden=\"true\"><\/div>\n<div class=\"x_elementToProof\">Con motivo de la construcci\u00f3n de la presa\u00a0<b>El Novillo<\/b>, en la d\u00e9cada de 1960, los habitantes de los pueblos de<b>\u00a0Suaqui, Batuc y Tepupa<\/b>\u00a0fueron desalojados de sus territorios porque estos formar\u00edan parte del \u00e1rea del embalse. Bajo promesas de prosperidad y tierras aseguradas en otros espacios los pobladores iniciaron un \u00e9xodo a largo plazo, en busca de un asentamiento estable.<\/div>\n<div class=\"x_elementToProof\" aria-hidden=\"true\"><\/div>\n<div class=\"x_elementToProof\">Una parte importante\u00a0<b>de Suaqu<\/b>i se estableci\u00f3 en el municipio de\u00a0<b>Ures<\/b>, principalmente en la comisar\u00eda de\u00a0<b>El Sauz<\/b>, a donde trajeron la tradici\u00f3n de la celebraci\u00f3n de las fiestas de la candelaria. Tras la salida de los Suaque\u00f1os de su tierra originaria y su establecimiento paulatino en\u00a0<b>El Sauz<\/b>, se celebr\u00f3 la primera fiesta de<b>\u00a0La Cancelaria en febrero de 1965<\/b>. La festividad consiste en actividades diversas, como la velaci\u00f3n de La Candelaria, actividades de rodeo, preparaci\u00f3n de tamales, etc.<\/div>\n<div class=\"x_elementToProof\" aria-hidden=\"true\"><\/div>\n<div class=\"x_elementToProof\">Actualmente constituye una parte fundamental de la cultura de<b>\u00a0El Sauz<\/b>, pues es la \u00fanica celebraci\u00f3n religiosa que tienen en el a\u00f1o, por lo que es un evento muy esperado por todos los habitantes del municipio de\u00a0<b>Ures<\/b>\u00a0y sus alrededores. Se vale decir que, a 60 a\u00f1os de distancia, a\u00fan es reconocida como una tradici\u00f3n \u2018Suaque\u00f1a\u2019.<\/div>\n<div class=\"x_elementToProof\" aria-hidden=\"true\"><\/div>\n<div class=\"x_elementToProof\">Se hace la m\u00e1s cordial invitaci\u00f3n, el pr\u00f3ximo\u00a0<b>viernes 30 de enero del presente a\u00f1o<\/b>, a las\u00a0<b>17:00 horas<\/b>\u00a0<b>en las salas temporales del Museo Regional de Sonora<\/b>\u00a0(calle Jes\u00fas Garc\u00eda final s\/n y Pbro. Esteban Sarmiento Antigua Penitenciaria, Col. La Matanza, Hermosillo). Para mayor informaci\u00f3n:\u00a0<a id=\"OWA809b83f6-f138-8429-36c0-71809a4006ed\" class=\"x_OWAAutoLink\" title=\"mailto:museo.son@inah.gob.mx\" href=\"mailto:museo.son@inah.gob.mx\" data-linkindex=\"0\">museo.son@inah.gob.mx<\/a>.<\/div>\n<div class=\"x_elementToProof\" aria-hidden=\"true\"><\/div>\n","protected":false},"excerpt":{"rendered":"<p>26 de enero de 2026, Hermosillo, Sonora.\u00a0\u2013 El\u00a0Instituto Nacional de Antropolog\u00eda e Historia en Sonora, dentro de las actividades de su agenda cultural 2026, dar\u00e1 inicio al d\u00e9cimo ciclo de conferencias\u00a0Tardes de Caf\u00e9INAH\u00a0con la charla titulada\u00a0\u201cFiestas de La Candelaria, en Ures, Sonora,\u00a0impartida por la\u00a0Dra.\u00a0Delia Mar\u00eda Pi\u00f1a Aguirre,\u00a0el pr\u00f3ximo\u00a0viernes 30 de enero del presente a\u00f1o, a [&hellip;]<\/p>\n","protected":false},"author":2,"featured_media":242595,"comment_status":"closed","ping_status":"closed","sticky":false,"template":"","format":"standard","meta":{"footnotes":""},"categories":[12870,178],"tags":[12865,12869],"class_list":["post-242594","post","type-post","status-publish","format-standard","has-post-thumbnail","hentry","category-destacadas","category-local","tag-destacadas","tag-local"],"jetpack_featured_media_url":"https:\/\/rnoticias.com.mx\/Portal\/wp-content\/uploads\/2026\/01\/dmpa_Cafeinah_2025.jpg","amp_enabled":true,"_links":{"self":[{"href":"https:\/\/rnoticias.com.mx\/Portal\/wp-json\/wp\/v2\/posts\/242594","targetHints":{"allow":["GET"]}}],"collection":[{"href":"https:\/\/rnoticias.com.mx\/Portal\/wp-json\/wp\/v2\/posts"}],"about":[{"href":"https:\/\/rnoticias.com.mx\/Portal\/wp-json\/wp\/v2\/types\/post"}],"author":[{"embeddable":true,"href":"https:\/\/rnoticias.com.mx\/Portal\/wp-json\/wp\/v2\/users\/2"}],"replies":[{"embeddable":true,"href":"https:\/\/rnoticias.com.mx\/Portal\/wp-json\/wp\/v2\/comments?post=242594"}],"version-history":[{"count":1,"href":"https:\/\/rnoticias.com.mx\/Portal\/wp-json\/wp\/v2\/posts\/242594\/revisions"}],"predecessor-version":[{"id":242596,"href":"https:\/\/rnoticias.com.mx\/Portal\/wp-json\/wp\/v2\/posts\/242594\/revisions\/242596"}],"wp:featuredmedia":[{"embeddable":true,"href":"https:\/\/rnoticias.com.mx\/Portal\/wp-json\/wp\/v2\/media\/242595"}],"wp:attachment":[{"href":"https:\/\/rnoticias.com.mx\/Portal\/wp-json\/wp\/v2\/media?parent=242594"}],"wp:term":[{"taxonomy":"category","embeddable":true,"href":"https:\/\/rnoticias.com.mx\/Portal\/wp-json\/wp\/v2\/categories?post=242594"},{"taxonomy":"post_tag","embeddable":true,"href":"https:\/\/rnoticias.com.mx\/Portal\/wp-json\/wp\/v2\/tags?post=242594"}],"curies":[{"name":"wp","href":"https:\/\/api.w.org\/{rel}","templated":true}]}}