{"id":242579,"date":"2026-01-26T19:51:39","date_gmt":"2026-01-27T02:51:39","guid":{"rendered":"https:\/\/rnoticias.com.mx\/Portal\/?p=242579"},"modified":"2026-01-26T19:51:39","modified_gmt":"2026-01-27T02:51:39","slug":"abre-gobierno-de-sonora-inscripciones-gratuitas-para-curso-de-lengua-de-senas-mexicana","status":"publish","type":"post","link":"https:\/\/rnoticias.com.mx\/Portal\/2026\/01\/26\/abre-gobierno-de-sonora-inscripciones-gratuitas-para-curso-de-lengua-de-senas-mexicana\/","title":{"rendered":"Abre Gobierno de Sonora inscripciones gratuitas para curso de Lengua de Se\u00f1as Mexicana"},"content":{"rendered":"<p>Hermosillo, Sonora; 26 de enero de 2026.\u2013 El Gobierno de Sonora, a trav\u00e9s del Sistema DIF estatal, abri\u00f3 las inscripciones para el Curso de Lengua de Se\u00f1as Mexicana (LSM), con el objetivo de promover la inclusi\u00f3n, el respeto a los derechos de las personas sordas y una comunicaci\u00f3n accesible para todas y todos.<\/p>\n<p>Bajo la visi\u00f3n del gobernador Alfonso Durazo Monta\u00f1o de construir un Sonora m\u00e1s igualitario, este curso se ofrece de manera gratuita y est\u00e1 dirigido a familiares de personas sordas, servidoras y servidores p\u00fablicos, as\u00ed como a la sociedad en general.<\/p>\n<p>La directora general del Sistema DIF Sonora, Lizeth V\u00e1squez Ochoa, destac\u00f3 la importancia de impulsar una sociedad en la que todas las personas sean tomadas en cuenta. Se\u00f1al\u00f3 que el acceso a la comunicaci\u00f3n es un derecho humano, por lo que desde DIF Sonora se trabaja para eliminar barreras, reconociendo la Lengua de Se\u00f1as Mexicana como una herramienta fundamental para la inclusi\u00f3n.<\/p>\n<p>Asimismo, indic\u00f3 que este curso requiere compromiso, ya que se busca la participaci\u00f3n de personas dispuestas a concluirlo y a poner en pr\u00e1ctica lo aprendido. Del a\u00f1o 2013 a la fecha, m\u00e1s de mil 400 personas han concluido exitosamente este curso, lo que refleja el inter\u00e9s de la sociedad sonorense por construir entornos m\u00e1s emp\u00e1ticos e incluyentes.<\/p>\n<p>El registro se realiza en l\u00ednea del 26 al 30 de enero de 2026, a trav\u00e9s del formato disponible en\u00a0<a href=\"https:\/\/registrolsm.difson.gob.mx\/Forms\/registro.aspx\" target=\"_blank\" rel=\"noopener\" data-saferedirecturl=\"https:\/\/www.google.com\/url?q=https:\/\/registrolsm.difson.gob.mx\/Forms\/registro.aspx&amp;source=gmail&amp;ust=1769568369229000&amp;usg=AOvVaw3JPdY3451RyDmtmCrw8zse\">https:\/\/registrolsm.difson.<wbr \/>gob.mx\/Forms\/registro.aspx<\/a>. El cupo es limitado a 150 personas por grupo.<\/p>\n<p>El curso se impartir\u00e1 en modalidad virtual, a trav\u00e9s de la plataforma Zoom, e iniciar\u00e1 el 9 de febrero para concluir el 27 de noviembre de 2026. Se conformar\u00e1n seis grupos con sesiones de una hora y media, dos veces por semana, en horarios matutinos, entre las 10:00 y las 15:00 horas, de lunes a viernes. Asimismo, se contemplan adecuaciones para grupos especiales, de acuerdo con su disponibilidad de tiempo.<\/p>\n","protected":false},"excerpt":{"rendered":"<p>Hermosillo, Sonora; 26 de enero de 2026.\u2013 El Gobierno de Sonora, a trav\u00e9s del Sistema DIF estatal, abri\u00f3 las inscripciones para el Curso de Lengua de Se\u00f1as Mexicana (LSM), con el objetivo de promover la inclusi\u00f3n, el respeto a los derechos de las personas sordas y una comunicaci\u00f3n accesible para todas y todos. Bajo la [&hellip;]<\/p>\n","protected":false},"author":2,"featured_media":242580,"comment_status":"closed","ping_status":"closed","sticky":false,"template":"","format":"standard","meta":{"footnotes":""},"categories":[178],"tags":[12869],"class_list":["post-242579","post","type-post","status-publish","format-standard","has-post-thumbnail","hentry","category-local","tag-local"],"jetpack_featured_media_url":"https:\/\/rnoticias.com.mx\/Portal\/wp-content\/uploads\/2026\/01\/432-2.jpg","amp_enabled":true,"_links":{"self":[{"href":"https:\/\/rnoticias.com.mx\/Portal\/wp-json\/wp\/v2\/posts\/242579","targetHints":{"allow":["GET"]}}],"collection":[{"href":"https:\/\/rnoticias.com.mx\/Portal\/wp-json\/wp\/v2\/posts"}],"about":[{"href":"https:\/\/rnoticias.com.mx\/Portal\/wp-json\/wp\/v2\/types\/post"}],"author":[{"embeddable":true,"href":"https:\/\/rnoticias.com.mx\/Portal\/wp-json\/wp\/v2\/users\/2"}],"replies":[{"embeddable":true,"href":"https:\/\/rnoticias.com.mx\/Portal\/wp-json\/wp\/v2\/comments?post=242579"}],"version-history":[{"count":1,"href":"https:\/\/rnoticias.com.mx\/Portal\/wp-json\/wp\/v2\/posts\/242579\/revisions"}],"predecessor-version":[{"id":242581,"href":"https:\/\/rnoticias.com.mx\/Portal\/wp-json\/wp\/v2\/posts\/242579\/revisions\/242581"}],"wp:featuredmedia":[{"embeddable":true,"href":"https:\/\/rnoticias.com.mx\/Portal\/wp-json\/wp\/v2\/media\/242580"}],"wp:attachment":[{"href":"https:\/\/rnoticias.com.mx\/Portal\/wp-json\/wp\/v2\/media?parent=242579"}],"wp:term":[{"taxonomy":"category","embeddable":true,"href":"https:\/\/rnoticias.com.mx\/Portal\/wp-json\/wp\/v2\/categories?post=242579"},{"taxonomy":"post_tag","embeddable":true,"href":"https:\/\/rnoticias.com.mx\/Portal\/wp-json\/wp\/v2\/tags?post=242579"}],"curies":[{"name":"wp","href":"https:\/\/api.w.org\/{rel}","templated":true}]}}