{"id":242554,"date":"2026-01-26T16:11:59","date_gmt":"2026-01-26T23:11:59","guid":{"rendered":"https:\/\/rnoticias.com.mx\/Portal\/?p=242554"},"modified":"2026-01-26T16:11:59","modified_gmt":"2026-01-26T23:11:59","slug":"convoca-tono-astiazaran-a-artistas-locales-a-pintar-mural-en-el-paso-a-desnivel-colosio-y-solidaridad","status":"publish","type":"post","link":"https:\/\/rnoticias.com.mx\/Portal\/2026\/01\/26\/convoca-tono-astiazaran-a-artistas-locales-a-pintar-mural-en-el-paso-a-desnivel-colosio-y-solidaridad\/","title":{"rendered":"Convoca To\u00f1o Astiazar\u00e1n a artistas locales a pintar mural en el paso a desnivel Colosio y Solidaridad"},"content":{"rendered":"<p>Hermosillo, Sonora; 26 de enero de 2026.- Inici\u00f3 la convocatoria para pintar un mural en el paso a desnivel ubicado en el cruce de los bulevares Colosio y Solidaridad, con el objetivo de fortalecer el arte urbano y la apropiaci\u00f3n del espacio p\u00fablico, inform\u00f3 Antonio Astiazar\u00e1n, presidente municipal de Hermosillo.<\/p>\n<p>To\u00f1o Astiazar\u00e1n explic\u00f3 que a trav\u00e9s del Instituto Municipal de Cultura y Arte, IMCA, se lanza esta convocatoria dirigida a artistas, muralistas, colectivos y agrupaciones con experiencia en obra mural o intervenci\u00f3n art\u00edstica en espacios p\u00fablicos, quienes podr\u00e1n presentar propuestas que contribuyan a la transformaci\u00f3n visual y social de este importante punto de la ciudad.<\/p>\n<p>Las propuestas deber\u00e1n reflejar la identidad, el paisaje sonorense y la diversidad cultural de Hermosillo, destacando valores como la comunidad, el sentido de pertenencia y la transformaci\u00f3n positiva del entorno urbano, a trav\u00e9s de expresiones art\u00edsticas que dialoguen con el espacio y la ciudadan\u00eda.<\/p>\n<p>La convocatoria permanecer\u00e1 abierta hasta el 13 de febrero de 2026. Las y los interesados pueden consultar las bases completas en las redes de IMCA y del Ayuntamiento de Hermosillo, as\u00ed como en la p\u00e1gina https:\/\/imca.hermosillo.gob.mx.<\/p>\n","protected":false},"excerpt":{"rendered":"<p>Hermosillo, Sonora; 26 de enero de 2026.- Inici\u00f3 la convocatoria para pintar un mural en el paso a desnivel ubicado en el cruce de los bulevares Colosio y Solidaridad, con el objetivo de fortalecer el arte urbano y la apropiaci\u00f3n del espacio p\u00fablico, inform\u00f3 Antonio Astiazar\u00e1n, presidente municipal de Hermosillo. To\u00f1o Astiazar\u00e1n explic\u00f3 que a [&hellip;]<\/p>\n","protected":false},"author":2,"featured_media":242555,"comment_status":"closed","ping_status":"closed","sticky":false,"template":"","format":"standard","meta":{"footnotes":""},"categories":[12870,178],"tags":[12865,12869],"class_list":["post-242554","post","type-post","status-publish","format-standard","has-post-thumbnail","hentry","category-destacadas","category-local","tag-destacadas","tag-local"],"jetpack_featured_media_url":"https:\/\/rnoticias.com.mx\/Portal\/wp-content\/uploads\/2026\/01\/299.jpg","amp_enabled":true,"_links":{"self":[{"href":"https:\/\/rnoticias.com.mx\/Portal\/wp-json\/wp\/v2\/posts\/242554","targetHints":{"allow":["GET"]}}],"collection":[{"href":"https:\/\/rnoticias.com.mx\/Portal\/wp-json\/wp\/v2\/posts"}],"about":[{"href":"https:\/\/rnoticias.com.mx\/Portal\/wp-json\/wp\/v2\/types\/post"}],"author":[{"embeddable":true,"href":"https:\/\/rnoticias.com.mx\/Portal\/wp-json\/wp\/v2\/users\/2"}],"replies":[{"embeddable":true,"href":"https:\/\/rnoticias.com.mx\/Portal\/wp-json\/wp\/v2\/comments?post=242554"}],"version-history":[{"count":1,"href":"https:\/\/rnoticias.com.mx\/Portal\/wp-json\/wp\/v2\/posts\/242554\/revisions"}],"predecessor-version":[{"id":242556,"href":"https:\/\/rnoticias.com.mx\/Portal\/wp-json\/wp\/v2\/posts\/242554\/revisions\/242556"}],"wp:featuredmedia":[{"embeddable":true,"href":"https:\/\/rnoticias.com.mx\/Portal\/wp-json\/wp\/v2\/media\/242555"}],"wp:attachment":[{"href":"https:\/\/rnoticias.com.mx\/Portal\/wp-json\/wp\/v2\/media?parent=242554"}],"wp:term":[{"taxonomy":"category","embeddable":true,"href":"https:\/\/rnoticias.com.mx\/Portal\/wp-json\/wp\/v2\/categories?post=242554"},{"taxonomy":"post_tag","embeddable":true,"href":"https:\/\/rnoticias.com.mx\/Portal\/wp-json\/wp\/v2\/tags?post=242554"}],"curies":[{"name":"wp","href":"https:\/\/api.w.org\/{rel}","templated":true}]}}