{"id":242539,"date":"2026-01-26T15:54:09","date_gmt":"2026-01-26T22:54:09","guid":{"rendered":"https:\/\/rnoticias.com.mx\/Portal\/?p=242539"},"modified":"2026-01-26T15:54:29","modified_gmt":"2026-01-26T22:54:29","slug":"condiciones-estables-y-sin-lluvias-marcaran-la-semana-en-sonora","status":"publish","type":"post","link":"https:\/\/rnoticias.com.mx\/Portal\/2026\/01\/26\/condiciones-estables-y-sin-lluvias-marcaran-la-semana-en-sonora\/","title":{"rendered":"Condiciones estables y sin lluvias marcar\u00e1n la semana en Sonora"},"content":{"rendered":"<p>Hermosillo, Sonora. El estado de Sonora mantendr\u00e1 un panorama clim\u00e1tico mayormente seco y estable durante el inicio de la semana, debido a la influencia de la corriente en chorro, la cual est\u00e1 favoreciendo \u00fanicamente la presencia de nubosidad alta y d\u00e9bil, inform\u00f3 Gilberto Lagarda V\u00e1zquez.<\/p>\n<p>&nbsp;<\/p>\n<p>El especialista t\u00e9cnico de la Comisi\u00f3n Nacional del Agua (Conagua) en Sonora, dio a conocer que aunque existe una afluencia moderada de humedad hacia la entidad, esta no ser\u00e1 suficiente para generar condiciones de lluvia, por lo que no se prev\u00e9n precipitaciones en ninguna regi\u00f3n del estado.<\/p>\n<p>&nbsp;<\/p>\n<p>\u201cNo obstante, se espera la presencia intermitente de nublados altos a lo largo de la semana. En cuanto a las temperaturas, el ambiente continuar\u00e1 fr\u00edo durante las ma\u00f1anas, especialmente en las zonas del norte y oriente, donde los valores m\u00ednimos podr\u00edan descender hasta los menos 5 grados cent\u00edgrados, mientras que en otras \u00e1reas se registrar\u00edan temperaturas de hasta 10 grados\u201d, declar\u00f3.<\/p>\n<p>&nbsp;<\/p>\n<p>En el caso de las tardes, argument\u00f3 que el term\u00f3metro marcar\u00e1 un ambiente m\u00e1s templado a c\u00e1lido, con temperaturas m\u00e1ximas que oscilar\u00e1n entre los 25 y 30 grados cent\u00edgrados en regiones del centro, sur y noroeste del estado.<\/p>\n<p>&nbsp;<\/p>\n","protected":false},"excerpt":{"rendered":"<p>Hermosillo, Sonora. El estado de Sonora mantendr\u00e1 un panorama clim\u00e1tico mayormente seco y estable durante el inicio de la semana, debido a la influencia de la corriente en chorro, la cual est\u00e1 favoreciendo \u00fanicamente la presencia de nubosidad alta y d\u00e9bil, inform\u00f3 Gilberto Lagarda V\u00e1zquez. &nbsp; El especialista t\u00e9cnico de la Comisi\u00f3n Nacional del Agua [&hellip;]<\/p>\n","protected":false},"author":2,"featured_media":242542,"comment_status":"closed","ping_status":"closed","sticky":false,"template":"","format":"standard","meta":{"footnotes":""},"categories":[12870,174],"tags":[12865,12873],"class_list":["post-242539","post","type-post","status-publish","format-standard","has-post-thumbnail","hentry","category-destacadas","category-estatal","tag-destacadas","tag-estatal"],"jetpack_featured_media_url":"https:\/\/rnoticias.com.mx\/Portal\/wp-content\/uploads\/2026\/01\/Imagen-de-WhatsApp-2025-11-25-a-las-10.09.33_d73063bd.jpg","amp_enabled":true,"_links":{"self":[{"href":"https:\/\/rnoticias.com.mx\/Portal\/wp-json\/wp\/v2\/posts\/242539","targetHints":{"allow":["GET"]}}],"collection":[{"href":"https:\/\/rnoticias.com.mx\/Portal\/wp-json\/wp\/v2\/posts"}],"about":[{"href":"https:\/\/rnoticias.com.mx\/Portal\/wp-json\/wp\/v2\/types\/post"}],"author":[{"embeddable":true,"href":"https:\/\/rnoticias.com.mx\/Portal\/wp-json\/wp\/v2\/users\/2"}],"replies":[{"embeddable":true,"href":"https:\/\/rnoticias.com.mx\/Portal\/wp-json\/wp\/v2\/comments?post=242539"}],"version-history":[{"count":1,"href":"https:\/\/rnoticias.com.mx\/Portal\/wp-json\/wp\/v2\/posts\/242539\/revisions"}],"predecessor-version":[{"id":242541,"href":"https:\/\/rnoticias.com.mx\/Portal\/wp-json\/wp\/v2\/posts\/242539\/revisions\/242541"}],"wp:featuredmedia":[{"embeddable":true,"href":"https:\/\/rnoticias.com.mx\/Portal\/wp-json\/wp\/v2\/media\/242542"}],"wp:attachment":[{"href":"https:\/\/rnoticias.com.mx\/Portal\/wp-json\/wp\/v2\/media?parent=242539"}],"wp:term":[{"taxonomy":"category","embeddable":true,"href":"https:\/\/rnoticias.com.mx\/Portal\/wp-json\/wp\/v2\/categories?post=242539"},{"taxonomy":"post_tag","embeddable":true,"href":"https:\/\/rnoticias.com.mx\/Portal\/wp-json\/wp\/v2\/tags?post=242539"}],"curies":[{"name":"wp","href":"https:\/\/api.w.org\/{rel}","templated":true}]}}