{"id":242515,"date":"2026-01-26T10:42:01","date_gmt":"2026-01-26T17:42:01","guid":{"rendered":"https:\/\/rnoticias.com.mx\/Portal\/?p=242515"},"modified":"2026-01-26T10:42:01","modified_gmt":"2026-01-26T17:42:01","slug":"salinas-pliego-acuerda-con-sat-pago-de-deuda-por-51-mil-mdp-claudia-sheinbaum","status":"publish","type":"post","link":"https:\/\/rnoticias.com.mx\/Portal\/2026\/01\/26\/salinas-pliego-acuerda-con-sat-pago-de-deuda-por-51-mil-mdp-claudia-sheinbaum\/","title":{"rendered":"Salinas Pliego acuerda con SAT pago de deuda por 51 mil mdp: Claudia Sheinbaum"},"content":{"rendered":"<p>La presidenta\u00a0<strong>Claudia Sheinbaum<\/strong>\u00a0inform\u00f3 este lunes que\u00a0<strong>Grupo Salinas<\/strong>, propiedad del empresario Ricardo Salinas Pliego, inici\u00f3 conversaciones con el\u00a0<strong>Servicio de Administraci\u00f3n Tributaria<\/strong>\u00a0(SAT) para concretar el pago de una\u00a0<strong>deuda fiscal<\/strong>\u00a0estimada en 51 mil millones de pesos, tras resoluciones judiciales que avalan los cr\u00e9ditos reclamados por las autoridades mexicanas.<\/p>\n<p>Sheinbaum precis\u00f3 que el proceso se desarrolla estrictamente dentro del marco legal y record\u00f3 que el caso ya fue expuesto p\u00fablicamente por el SAT y la\u00a0<strong>Secretar\u00eda de Hacienda<\/strong>. Explic\u00f3 que, aunque el\u00a0<strong>plazo l\u00edmite<\/strong>\u00a0para cubrir los adeudos venc\u00eda el viernes pasado, la comparecencia del conglomerado empresarial el jueves permiti\u00f3 abrir un espacio legal para avanzar en el proceso.<\/p>\n<p>El caso se enmarca en resoluciones recientes del\u00a0<strong>Poder Judicial<\/strong>, afirm\u00f3 Sheinbaum, al indicar que &#8220;el amparo no es v\u00e1lido y que es v\u00e1lida la \u00faltima resoluci\u00f3n de los tribunales colegiados\u201d. Detall\u00f3, asimismo, que dichas resoluciones permiten a dos empresas del grupo acceder a beneficios previstos en el\u00a0<strong>C\u00f3digo Fiscal<\/strong>.<\/p>\n<p>Por \u00faltimo, Sheinbaum asegur\u00f3 que el Gobierno federal informar\u00e1 p\u00fablicamente una vez que se definan los t\u00e9rminos finales del pago.<\/p>\n","protected":false},"excerpt":{"rendered":"<p>La presidenta\u00a0Claudia Sheinbaum\u00a0inform\u00f3 este lunes que\u00a0Grupo Salinas, propiedad del empresario Ricardo Salinas Pliego, inici\u00f3 conversaciones con el\u00a0Servicio de Administraci\u00f3n Tributaria\u00a0(SAT) para concretar el pago de una\u00a0deuda fiscal\u00a0estimada en 51 mil millones de pesos, tras resoluciones judiciales que avalan los cr\u00e9ditos reclamados por las autoridades mexicanas. Sheinbaum precis\u00f3 que el proceso se desarrolla estrictamente dentro del [&hellip;]<\/p>\n","protected":false},"author":2,"featured_media":242516,"comment_status":"closed","ping_status":"closed","sticky":false,"template":"","format":"standard","meta":{"footnotes":""},"categories":[12870,172],"tags":[12865,12874],"class_list":["post-242515","post","type-post","status-publish","format-standard","has-post-thumbnail","hentry","category-destacadas","category-nacional","tag-destacadas","tag-nacional"],"jetpack_featured_media_url":"https:\/\/rnoticias.com.mx\/Portal\/wp-content\/uploads\/2026\/01\/40-1.jpg","amp_enabled":true,"_links":{"self":[{"href":"https:\/\/rnoticias.com.mx\/Portal\/wp-json\/wp\/v2\/posts\/242515","targetHints":{"allow":["GET"]}}],"collection":[{"href":"https:\/\/rnoticias.com.mx\/Portal\/wp-json\/wp\/v2\/posts"}],"about":[{"href":"https:\/\/rnoticias.com.mx\/Portal\/wp-json\/wp\/v2\/types\/post"}],"author":[{"embeddable":true,"href":"https:\/\/rnoticias.com.mx\/Portal\/wp-json\/wp\/v2\/users\/2"}],"replies":[{"embeddable":true,"href":"https:\/\/rnoticias.com.mx\/Portal\/wp-json\/wp\/v2\/comments?post=242515"}],"version-history":[{"count":1,"href":"https:\/\/rnoticias.com.mx\/Portal\/wp-json\/wp\/v2\/posts\/242515\/revisions"}],"predecessor-version":[{"id":242517,"href":"https:\/\/rnoticias.com.mx\/Portal\/wp-json\/wp\/v2\/posts\/242515\/revisions\/242517"}],"wp:featuredmedia":[{"embeddable":true,"href":"https:\/\/rnoticias.com.mx\/Portal\/wp-json\/wp\/v2\/media\/242516"}],"wp:attachment":[{"href":"https:\/\/rnoticias.com.mx\/Portal\/wp-json\/wp\/v2\/media?parent=242515"}],"wp:term":[{"taxonomy":"category","embeddable":true,"href":"https:\/\/rnoticias.com.mx\/Portal\/wp-json\/wp\/v2\/categories?post=242515"},{"taxonomy":"post_tag","embeddable":true,"href":"https:\/\/rnoticias.com.mx\/Portal\/wp-json\/wp\/v2\/tags?post=242515"}],"curies":[{"name":"wp","href":"https:\/\/api.w.org\/{rel}","templated":true}]}}