{"id":242460,"date":"2026-01-25T15:43:03","date_gmt":"2026-01-25T22:43:03","guid":{"rendered":"https:\/\/rnoticias.com.mx\/Portal\/?p=242460"},"modified":"2026-01-25T15:43:03","modified_gmt":"2026-01-25T22:43:03","slug":"registra-sarampion-primera-muerte-en-mexico-en-2026","status":"publish","type":"post","link":"https:\/\/rnoticias.com.mx\/Portal\/2026\/01\/25\/registra-sarampion-primera-muerte-en-mexico-en-2026\/","title":{"rendered":"Registra sarampi\u00f3n primera muerte en M\u00e9xico en 2026"},"content":{"rendered":"<p>El fallecimiento ocurri\u00f3 en el estado de Michoac\u00e1n, una de las entidades con transmisi\u00f3n activa del virus durante las primeras semanas del a\u00f1o.<\/p>\n<p>El informe oficial, con corte del 23 de enero, documenta este deceso en el contexto de un brote nacional persistente.<\/p>\n<p>El pa\u00eds contin\u00faa gestionando el impacto del repunte epid\u00e9mico iniciado en 2025, que acumul\u00f3 25 defunciones y m\u00e1s de 6,400 casos confirmados.<\/p>\n<p>De acuerdo con el \u00faltimo reporte, en Michoac\u00e1n hay 265 casos confirmados desde el inicio del brote.<\/p>\n","protected":false},"excerpt":{"rendered":"<p>El fallecimiento ocurri\u00f3 en el estado de Michoac\u00e1n, una de las entidades con transmisi\u00f3n activa del virus durante las primeras semanas del a\u00f1o. El informe oficial, con corte del 23 de enero, documenta este deceso en el contexto de un brote nacional persistente. El pa\u00eds contin\u00faa gestionando el impacto del repunte epid\u00e9mico iniciado en 2025, [&hellip;]<\/p>\n","protected":false},"author":2,"featured_media":242461,"comment_status":"closed","ping_status":"closed","sticky":false,"template":"","format":"standard","meta":{"footnotes":""},"categories":[12870,172],"tags":[12865,12874],"class_list":["post-242460","post","type-post","status-publish","format-standard","has-post-thumbnail","hentry","category-destacadas","category-nacional","tag-destacadas","tag-nacional"],"jetpack_featured_media_url":"https:\/\/rnoticias.com.mx\/Portal\/wp-content\/uploads\/2026\/01\/f425x230-137337_151319_5050.webp","amp_enabled":true,"_links":{"self":[{"href":"https:\/\/rnoticias.com.mx\/Portal\/wp-json\/wp\/v2\/posts\/242460","targetHints":{"allow":["GET"]}}],"collection":[{"href":"https:\/\/rnoticias.com.mx\/Portal\/wp-json\/wp\/v2\/posts"}],"about":[{"href":"https:\/\/rnoticias.com.mx\/Portal\/wp-json\/wp\/v2\/types\/post"}],"author":[{"embeddable":true,"href":"https:\/\/rnoticias.com.mx\/Portal\/wp-json\/wp\/v2\/users\/2"}],"replies":[{"embeddable":true,"href":"https:\/\/rnoticias.com.mx\/Portal\/wp-json\/wp\/v2\/comments?post=242460"}],"version-history":[{"count":1,"href":"https:\/\/rnoticias.com.mx\/Portal\/wp-json\/wp\/v2\/posts\/242460\/revisions"}],"predecessor-version":[{"id":242462,"href":"https:\/\/rnoticias.com.mx\/Portal\/wp-json\/wp\/v2\/posts\/242460\/revisions\/242462"}],"wp:featuredmedia":[{"embeddable":true,"href":"https:\/\/rnoticias.com.mx\/Portal\/wp-json\/wp\/v2\/media\/242461"}],"wp:attachment":[{"href":"https:\/\/rnoticias.com.mx\/Portal\/wp-json\/wp\/v2\/media?parent=242460"}],"wp:term":[{"taxonomy":"category","embeddable":true,"href":"https:\/\/rnoticias.com.mx\/Portal\/wp-json\/wp\/v2\/categories?post=242460"},{"taxonomy":"post_tag","embeddable":true,"href":"https:\/\/rnoticias.com.mx\/Portal\/wp-json\/wp\/v2\/tags?post=242460"}],"curies":[{"name":"wp","href":"https:\/\/api.w.org\/{rel}","templated":true}]}}