{"id":242450,"date":"2026-01-24T17:34:05","date_gmt":"2026-01-25T00:34:05","guid":{"rendered":"https:\/\/rnoticias.com.mx\/Portal\/?p=242450"},"modified":"2026-01-24T17:34:05","modified_gmt":"2026-01-25T00:34:05","slug":"participa-canelo-alvarez-a-la-semana-de-la-moda-en-paris","status":"publish","type":"post","link":"https:\/\/rnoticias.com.mx\/Portal\/2026\/01\/24\/participa-canelo-alvarez-a-la-semana-de-la-moda-en-paris\/","title":{"rendered":"Participa Canelo \u00c1lvarez a la Semana de la Moda en Paris"},"content":{"rendered":"<p>Sa\u00fal \u201cCanelo\u201d \u00c1lvarez volvi\u00f3 a ser tema de conversaci\u00f3n, aunque en esta ocasi\u00f3n debido a su participaci\u00f3n en la Semana de la Moda en Par\u00eds.<\/p>\n<p>El boxeador mexicano se convirti\u00f3 en protagonista al desfilar como modelo en el prestigioso show de Amiri, realizado en la Semana de la Moda en Par\u00eds.<\/p>\n<p>Canelo \u00c1lvarez estuvo acompa\u00f1ado de su esposa, Fernanda G\u00f3mez y se rob\u00f3 la atenci\u00f3n de la prensa internacional.<\/p>\n<p>Se le pudo ver con un atuendo de una chamarra de animal, acompa\u00f1ado de prendas oscuras y gafas de sol.<\/p>\n","protected":false},"excerpt":{"rendered":"<p>Sa\u00fal \u201cCanelo\u201d \u00c1lvarez volvi\u00f3 a ser tema de conversaci\u00f3n, aunque en esta ocasi\u00f3n debido a su participaci\u00f3n en la Semana de la Moda en Par\u00eds. El boxeador mexicano se convirti\u00f3 en protagonista al desfilar como modelo en el prestigioso show de Amiri, realizado en la Semana de la Moda en Par\u00eds. Canelo \u00c1lvarez estuvo acompa\u00f1ado [&hellip;]<\/p>\n","protected":false},"author":2,"featured_media":242451,"comment_status":"closed","ping_status":"closed","sticky":false,"template":"","format":"standard","meta":{"footnotes":""},"categories":[188,12870],"tags":[5231,12865],"class_list":["post-242450","post","type-post","status-publish","format-standard","has-post-thumbnail","hentry","category-deportes","category-destacadas","tag-deportes","tag-destacadas"],"jetpack_featured_media_url":"https:\/\/rnoticias.com.mx\/Portal\/wp-content\/uploads\/2026\/01\/GettyImages-2257615378-26c89660c087422a9e3a5cbfad95a300.jpg","amp_enabled":true,"_links":{"self":[{"href":"https:\/\/rnoticias.com.mx\/Portal\/wp-json\/wp\/v2\/posts\/242450","targetHints":{"allow":["GET"]}}],"collection":[{"href":"https:\/\/rnoticias.com.mx\/Portal\/wp-json\/wp\/v2\/posts"}],"about":[{"href":"https:\/\/rnoticias.com.mx\/Portal\/wp-json\/wp\/v2\/types\/post"}],"author":[{"embeddable":true,"href":"https:\/\/rnoticias.com.mx\/Portal\/wp-json\/wp\/v2\/users\/2"}],"replies":[{"embeddable":true,"href":"https:\/\/rnoticias.com.mx\/Portal\/wp-json\/wp\/v2\/comments?post=242450"}],"version-history":[{"count":1,"href":"https:\/\/rnoticias.com.mx\/Portal\/wp-json\/wp\/v2\/posts\/242450\/revisions"}],"predecessor-version":[{"id":242452,"href":"https:\/\/rnoticias.com.mx\/Portal\/wp-json\/wp\/v2\/posts\/242450\/revisions\/242452"}],"wp:featuredmedia":[{"embeddable":true,"href":"https:\/\/rnoticias.com.mx\/Portal\/wp-json\/wp\/v2\/media\/242451"}],"wp:attachment":[{"href":"https:\/\/rnoticias.com.mx\/Portal\/wp-json\/wp\/v2\/media?parent=242450"}],"wp:term":[{"taxonomy":"category","embeddable":true,"href":"https:\/\/rnoticias.com.mx\/Portal\/wp-json\/wp\/v2\/categories?post=242450"},{"taxonomy":"post_tag","embeddable":true,"href":"https:\/\/rnoticias.com.mx\/Portal\/wp-json\/wp\/v2\/tags?post=242450"}],"curies":[{"name":"wp","href":"https:\/\/api.w.org\/{rel}","templated":true}]}}