{"id":242447,"date":"2026-01-24T17:19:18","date_gmt":"2026-01-25T00:19:18","guid":{"rendered":"https:\/\/rnoticias.com.mx\/Portal\/?p=242447"},"modified":"2026-01-25T15:33:58","modified_gmt":"2026-01-25T22:33:58","slug":"presentaran-libro-sobre-la-nueva-escuela-mexicana-en-el-colegio-de-sonora","status":"publish","type":"post","link":"https:\/\/rnoticias.com.mx\/Portal\/2026\/01\/24\/presentaran-libro-sobre-la-nueva-escuela-mexicana-en-el-colegio-de-sonora\/","title":{"rendered":"Presentar\u00e1n libro sobre la Nueva Escuela Mexicana en El Colegio de Sonora"},"content":{"rendered":"<p data-start=\"235\" data-end=\"638\">Un libro que analiza el origen, desarrollo y debate p\u00fablico en torno a la Nueva Escuela Mexicana ser\u00e1 presentado en el marco del aniversario de El Colegio de Sonora, como parte de una semana dedicada a la difusi\u00f3n de obras acad\u00e9micas y reflexiones sobre el sistema educativo nacional. La publicaci\u00f3n surge a partir de foros, seminarios y discusiones acad\u00e9micas.<\/p>\n<p data-start=\"640\" data-end=\"1109\"><strong data-start=\"655\" data-end=\"711\">Jos\u00e9 Eduardo Calvario Parra, profesor de la Universidad de Sonora y parte del equipo coordinador del libro<\/strong>, explic\u00f3 que el inter\u00e9s por el tema se origin\u00f3 en 2023, cuando los nuevos libros de texto gratuitos generaron una fuerte pol\u00e9mica en medios de comunicaci\u00f3n. Ante ese contexto, realiz\u00f3 junto con otros acad\u00e9micos una revisi\u00f3n detallada del contenido de los materiales educativos, lo que deriv\u00f3 primero en una entrevista p\u00fablica y posteriormente en la organizaci\u00f3n de un foro en El Colegio de Sonora.<\/p>\n<p data-start=\"1111\" data-end=\"1531\">Tras ese ejercicio de an\u00e1lisis, se llev\u00f3 a cabo un seminario especializado con la participaci\u00f3n de investigadores locales y nacionales, entre ellos autoridades del Consejo Nacional de Fomento Educativo (CONAFE), la Subdirecci\u00f3n de Pol\u00edtica Educativa, as\u00ed como representantes de la Universidad Pedag\u00f3gica Nacional y la Universidad Aut\u00f3noma de Puebla. Las aportaciones de estos encuentros acad\u00e9micos dieron forma al libro.<\/p>\n<p data-start=\"1533\" data-end=\"1833\">La presentaci\u00f3n de la obra se realizar\u00e1 el martes 27 de enero dentro del programa oficial del aniversario de El Colegio de Sonora, donde durante toda la semana se estar\u00e1n presentando distintas publicaciones.<\/p>\n","protected":false},"excerpt":{"rendered":"<p>Un libro que analiza el origen, desarrollo y debate p\u00fablico en torno a la Nueva Escuela Mexicana ser\u00e1 presentado en el marco del aniversario de El Colegio de Sonora, como parte de una semana dedicada a la difusi\u00f3n de obras acad\u00e9micas y reflexiones sobre el sistema educativo nacional. La publicaci\u00f3n surge a partir de foros, [&hellip;]<\/p>\n","protected":false},"author":2,"featured_media":242448,"comment_status":"closed","ping_status":"closed","sticky":false,"template":"","format":"standard","meta":{"footnotes":""},"categories":[12870,178],"tags":[12865,12869],"class_list":["post-242447","post","type-post","status-publish","format-standard","has-post-thumbnail","hentry","category-destacadas","category-local","tag-destacadas","tag-local"],"jetpack_featured_media_url":"https:\/\/rnoticias.com.mx\/Portal\/wp-content\/uploads\/2026\/01\/submission_311_312_coverImage_es_ES_t.png","amp_enabled":true,"_links":{"self":[{"href":"https:\/\/rnoticias.com.mx\/Portal\/wp-json\/wp\/v2\/posts\/242447","targetHints":{"allow":["GET"]}}],"collection":[{"href":"https:\/\/rnoticias.com.mx\/Portal\/wp-json\/wp\/v2\/posts"}],"about":[{"href":"https:\/\/rnoticias.com.mx\/Portal\/wp-json\/wp\/v2\/types\/post"}],"author":[{"embeddable":true,"href":"https:\/\/rnoticias.com.mx\/Portal\/wp-json\/wp\/v2\/users\/2"}],"replies":[{"embeddable":true,"href":"https:\/\/rnoticias.com.mx\/Portal\/wp-json\/wp\/v2\/comments?post=242447"}],"version-history":[{"count":3,"href":"https:\/\/rnoticias.com.mx\/Portal\/wp-json\/wp\/v2\/posts\/242447\/revisions"}],"predecessor-version":[{"id":242456,"href":"https:\/\/rnoticias.com.mx\/Portal\/wp-json\/wp\/v2\/posts\/242447\/revisions\/242456"}],"wp:featuredmedia":[{"embeddable":true,"href":"https:\/\/rnoticias.com.mx\/Portal\/wp-json\/wp\/v2\/media\/242448"}],"wp:attachment":[{"href":"https:\/\/rnoticias.com.mx\/Portal\/wp-json\/wp\/v2\/media?parent=242447"}],"wp:term":[{"taxonomy":"category","embeddable":true,"href":"https:\/\/rnoticias.com.mx\/Portal\/wp-json\/wp\/v2\/categories?post=242447"},{"taxonomy":"post_tag","embeddable":true,"href":"https:\/\/rnoticias.com.mx\/Portal\/wp-json\/wp\/v2\/tags?post=242447"}],"curies":[{"name":"wp","href":"https:\/\/api.w.org\/{rel}","templated":true}]}}