{"id":242429,"date":"2026-01-24T16:51:37","date_gmt":"2026-01-24T23:51:37","guid":{"rendered":"https:\/\/rnoticias.com.mx\/Portal\/?p=242429"},"modified":"2026-01-24T16:51:37","modified_gmt":"2026-01-24T23:51:37","slug":"salinas-pliego-envia-desafiante-mensaje-a-horas-de-definir-su-deuda-con-el-sat","status":"publish","type":"post","link":"https:\/\/rnoticias.com.mx\/Portal\/2026\/01\/24\/salinas-pliego-envia-desafiante-mensaje-a-horas-de-definir-su-deuda-con-el-sat\/","title":{"rendered":"Salinas Pliego env\u00eda desafiante mensaje a horas de definir su  deuda con el SAT"},"content":{"rendered":"<p><strong>El empresario mexicano\u00a0Ricardo Salinas Pliego\u00a0lanz\u00f3 un contundente mensaje a trav\u00e9s de sus redes sociales\u00a0a unas horas de que venza el plazo legal\u00a0que autoridades fiscales l<\/strong>e otorgaron\u00a0para pagar o manifestar su intenci\u00f3n\u00a0de cubrir un\u00a0adeudo de 51 mil millones de pesos\u00a0ante el\u00a0Servicio de Administraci\u00f3n Tributaria (SAT).<\/p>\n<p>En sus redes sociales public\u00f3 una fotograf\u00eda en la que posa con un\u00a0arma de fuego\u00a0y usando una gorra con las siglas\u00a0MACC\u00a0que significan\u00a0Movimiento anti Crimen y Corrupci\u00f3n,\u00a0el cual fue lanzado por \u00e9l mismo en septiembre pasado y pensando como una\u00a0plataforma p\u00fablica y pol\u00edtica\u00a0en un momento de creciente enfrentamiento entre \u00e9l y el gobierno federal debido a su\u00a0situaci\u00f3n fiscal.<\/p>\n<p>Coloc\u00f3 en la imagen la leyenda\u00a0<strong>\u201cQue el #CartelDeTabasco no siga destruyendo al pa\u00eds\u00a0y rob\u00e1ndonos impunemente, no se dejen\u201d<\/strong>, haciendo alusi\u00f3n al estado de origen del expresidente\u00a0Andr\u00e9s Manuel L\u00f3pez Obrador.<\/p>\n<p>Cabe se\u00f1alar que la deuda de 51 mil millones de pesos forma parte de\u00a0obligaciones fiscales mayores que se remontan a litigios\u00a0iniciados hace a\u00f1os y que culminaron con la resoluci\u00f3n definitiva de la\u00a0Suprema Corte de Justicia de la Naci\u00f3n (SCJN)\u00a0<strong>en noviembre pasado, la\u00a0cual rechaz\u00f3 los \u00faltimos recursos legales\u00a0promovidos por Salinas Pliego y sus empresas.<\/strong><\/p>\n<p>Aunque el pago voluntario dentro del plazo podr\u00eda permitir beneficios como un\u00a0ajuste de hasta el 39% en recargos y multas,\u00a0seg\u00fan las autoridades fiscales, el empresario no ha declarado si optar\u00e1 por esta v\u00eda.<\/p>\n<p>En d\u00edas pasados Salinas\u00a0denunci\u00f3 ante la Comisi\u00f3n Interamericana de Derechos Humanos (CIDH)\u00a0una presunta\u00a0<strong>\u201cpersecuci\u00f3n pol\u00edtica\u201d\u00a0del Estado mexicano, acusaci\u00f3n que desde el gobierno federal se ha rechazado categ\u00f3ricamente.<\/strong><\/p>\n<p>De no cumplir el adeudo \u2013o su intenci\u00f3n de hacerlo\u2013 el d\u00eda de hoy, el conflicto se encausar\u00e1\u00a0por la v\u00eda legal.\u00a0El SAT puede iniciar el\u00a0Procedimiento Administrativo de Ejecuci\u00f3n (PAE),\u00a0que es el mecanismo legal para\u00a0cobrar a la fuerza un cr\u00e9dito fiscal firme,\u00a0puesto que se\u00a0super\u00f3 la etapa de negociaci\u00f3n.<\/p>\n","protected":false},"excerpt":{"rendered":"<p>El empresario mexicano\u00a0Ricardo Salinas Pliego\u00a0lanz\u00f3 un contundente mensaje a trav\u00e9s de sus redes sociales\u00a0a unas horas de que venza el plazo legal\u00a0que autoridades fiscales le otorgaron\u00a0para pagar o manifestar su intenci\u00f3n\u00a0de cubrir un\u00a0adeudo de 51 mil millones de pesos\u00a0ante el\u00a0Servicio de Administraci\u00f3n Tributaria (SAT). En sus redes sociales public\u00f3 una fotograf\u00eda en la que posa [&hellip;]<\/p>\n","protected":false},"author":2,"featured_media":242430,"comment_status":"closed","ping_status":"closed","sticky":false,"template":"","format":"standard","meta":{"footnotes":""},"categories":[12870,172],"tags":[12865,12874],"class_list":["post-242429","post","type-post","status-publish","format-standard","has-post-thumbnail","hentry","category-destacadas","category-nacional","tag-destacadas","tag-nacional"],"jetpack_featured_media_url":"https:\/\/rnoticias.com.mx\/Portal\/wp-content\/uploads\/2026\/01\/salinas.webp","amp_enabled":true,"_links":{"self":[{"href":"https:\/\/rnoticias.com.mx\/Portal\/wp-json\/wp\/v2\/posts\/242429","targetHints":{"allow":["GET"]}}],"collection":[{"href":"https:\/\/rnoticias.com.mx\/Portal\/wp-json\/wp\/v2\/posts"}],"about":[{"href":"https:\/\/rnoticias.com.mx\/Portal\/wp-json\/wp\/v2\/types\/post"}],"author":[{"embeddable":true,"href":"https:\/\/rnoticias.com.mx\/Portal\/wp-json\/wp\/v2\/users\/2"}],"replies":[{"embeddable":true,"href":"https:\/\/rnoticias.com.mx\/Portal\/wp-json\/wp\/v2\/comments?post=242429"}],"version-history":[{"count":1,"href":"https:\/\/rnoticias.com.mx\/Portal\/wp-json\/wp\/v2\/posts\/242429\/revisions"}],"predecessor-version":[{"id":242431,"href":"https:\/\/rnoticias.com.mx\/Portal\/wp-json\/wp\/v2\/posts\/242429\/revisions\/242431"}],"wp:featuredmedia":[{"embeddable":true,"href":"https:\/\/rnoticias.com.mx\/Portal\/wp-json\/wp\/v2\/media\/242430"}],"wp:attachment":[{"href":"https:\/\/rnoticias.com.mx\/Portal\/wp-json\/wp\/v2\/media?parent=242429"}],"wp:term":[{"taxonomy":"category","embeddable":true,"href":"https:\/\/rnoticias.com.mx\/Portal\/wp-json\/wp\/v2\/categories?post=242429"},{"taxonomy":"post_tag","embeddable":true,"href":"https:\/\/rnoticias.com.mx\/Portal\/wp-json\/wp\/v2\/tags?post=242429"}],"curies":[{"name":"wp","href":"https:\/\/api.w.org\/{rel}","templated":true}]}}