{"id":242426,"date":"2026-01-24T16:50:38","date_gmt":"2026-01-24T23:50:38","guid":{"rendered":"https:\/\/rnoticias.com.mx\/Portal\/?p=242426"},"modified":"2026-01-24T16:50:38","modified_gmt":"2026-01-24T23:50:38","slug":"agentes-de-ice-matan-a-un-hombre-en-mineapolis-alcalde-responde","status":"publish","type":"post","link":"https:\/\/rnoticias.com.mx\/Portal\/2026\/01\/24\/agentes-de-ice-matan-a-un-hombre-en-mineapolis-alcalde-responde\/","title":{"rendered":"Agentes de ICE matan a un hombre en Mine\u00e1polis; alcalde responde"},"content":{"rendered":"<div>\n<div class=\"post-details\">\n<p><strong>Agentes federales de inmigraci\u00f3n de Estados Unidos<\/strong>\u00a0mataron a tiros a un hombre en\u00a0<strong>Mine\u00e1polis<\/strong>\u00a0el s\u00e1bado, seg\u00fan informaron las autoridades, en el segundo tiroteo mortal contra un civil en esa ciudad este mes, lo que provoc\u00f3 nuevas protestas e indignaci\u00f3n.<\/p>\n<\/div>\n<\/div>\n<div>\n<div class=\"post-details\">\n<p>La muerte se produjo menos de tres semanas despu\u00e9s de que la ciudadana estadounidense\u00a0<strong>Renee Good<\/strong>\u00a0fuera abatida por disparos de un agente del\u00a0<strong>Servicio de Inmigraci\u00f3n y Control de Aduanas (ICE)<\/strong>\u00a0durante una redada para detener a inmigrantes indocumentados.<\/p>\n<\/div>\n<\/div>\n<div>\n<div class=\"post-details\">\n<p>El gobierno estadounidense insisti\u00f3 en que sus agentes actuaron en defensa propia mientras buscaban a\u00a0<em>\u201cun extranjero indocumentado buscado por agresi\u00f3n violenta\u201d<\/em>\u00a0en una\u00a0<em>\u201coperaci\u00f3n selectiva\u201d,<\/em> seg\u00fan un comunicado.<\/p>\n<\/div>\n<\/div>\n<div>\n<div class=\"post-details\">\n<p>Pero el gobernador de\u00a0<strong>Minnesota, Tim Walz<\/strong>, calific\u00f3 el tiroteo de\u00a0<em>\u201catroz\u201d<\/em>\u00a0y exigi\u00f3 que las autoridades estatales dirigieran la investigaci\u00f3n.<\/p>\n<\/div>\n<\/div>\n<div>\n<div class=\"post-details\">\n<p>Un video que circula en las redes sociales, y que posteriormente fue confirmado por las autoridades, muestra a varios agentes, incluido al menos uno con un chaleco con la inscripci\u00f3n\u00a0<strong>\u201cPOLIC\u00cdA\u201d,<\/strong>\u00a0rodeando a una persona en el suelo y golpe\u00e1ndola varias veces. Se escuchan varios disparos.<\/p>\n<\/div>\n<\/div>\n<div>\n<div class=\"post-details\">\n<p>En rueda de prensa, el alcalde de\u00a0<strong>Mine\u00e1polis, Jacob Frey,<\/strong>\u00a0inst\u00f3 al presidente\u00a0<strong>Donald Trump<\/strong>\u00a0a poner fin a la operaci\u00f3n federal de inmigraci\u00f3n, que ha provocado masivas manifestaciones, algunas violentas.<\/p>\n<\/div>\n<\/div>\n<div>\n<div class=\"post-details\">\n<blockquote><p><em>\u201cEste es el momento de actuar como un l\u00edder. Ponga a Mine\u00e1polis, ponga a Estados Unidos primero en este momento; logremos la paz. Pongamos fin a esta operaci\u00f3n\u201d, subray\u00f3.<\/em><\/p><\/blockquote>\n<\/div>\n<\/div>\n<div>\n<div class=\"post-details\">\n<p>El jefe de polic\u00eda,\u00a0<strong>Brian O\u2019Hara<\/strong>, dijo que la situaci\u00f3n despu\u00e9s del tiroteo era<em>\u00a0\u201cincre\u00edblemente vol\u00e1til\u201d<\/em> y llam\u00f3 a los residentes a evitar la zona.<\/p>\n<\/div>\n<\/div>\n<div>\n<div class=\"post-details\">\n<p>Los agentes, que declararon a la nueva protesta como una reuni\u00f3n ilegal, desplegaron gases lacrim\u00f3genos mientras la multitud crec\u00eda y se utilizaron contenedores de basura para crear barricadas en la calle en el concurrido barrio del sur de\u00a0<strong>Mine\u00e1polis<\/strong>, conocido por sus restaurantes.<\/p>\n<\/div>\n<\/div>\n<div>\n<div class=\"post-details\">\n<p>El\u00a0<strong>Departamento de Seguridad Nacional (DHS)<\/strong>\u00a0indic\u00f3 en X que \u201c<em>un individuo se acerc\u00f3 a los agentes de la Patrulla Fronteriza de Estados Unidos con una pistola semiautom\u00e1tica de 9 mm\u201d<\/em>\u00a0y que sus agentes intentaron desarmar al hombre, quien, seg\u00fan afirman,<em>\u00a0\u201cse resisti\u00f3 violentamente\u201d.<\/em><\/p>\n<\/div>\n<\/div>\n<div>\n<div class=\"post-details\">\n<blockquote><p><em>\u201cTemiendo por su vida y por la vida y seguridad de sus compa\u00f1eros, un agente realiz\u00f3 disparos defensivos. Los param\u00e9dicos presentes le brindaron atenci\u00f3n de inmediato al sujeto, pero fue declarado muerto en el lugar\u201d, dijo el DHS<\/em>.<\/p><\/blockquote>\n<\/div>\n<\/div>\n<div>\n<div class=\"post-details\">\n<p><strong>O\u2019Hara<\/strong>\u00a0dijo que la polic\u00eda cre\u00eda que la v\u00edctima era un\u00a0<em>\u201cpropietario legal de armas con permiso de porte\u201d.<\/em>\u00a0<strong>Minnesota<\/strong>\u00a0permite la portaci\u00f3n abierta de armas de fuego si se tiene autorizaci\u00f3n.<\/p>\n<\/div>\n<\/div>\n","protected":false},"excerpt":{"rendered":"<p>Agentes federales de inmigraci\u00f3n de Estados Unidos\u00a0mataron a tiros a un hombre en\u00a0Mine\u00e1polis\u00a0el s\u00e1bado, seg\u00fan informaron las autoridades, en el segundo tiroteo mortal contra un civil en esa ciudad este mes, lo que provoc\u00f3 nuevas protestas e indignaci\u00f3n. La muerte se produjo menos de tres semanas despu\u00e9s de que la ciudadana estadounidense\u00a0Renee Good\u00a0fuera abatida por [&hellip;]<\/p>\n","protected":false},"author":2,"featured_media":242427,"comment_status":"closed","ping_status":"closed","sticky":false,"template":"","format":"standard","meta":{"footnotes":""},"categories":[12870,182],"tags":[12865,12871],"class_list":["post-242426","post","type-post","status-publish","format-standard","has-post-thumbnail","hentry","category-destacadas","category-internacional","tag-destacadas","tag-internacional"],"jetpack_featured_media_url":"https:\/\/rnoticias.com.mx\/Portal\/wp-content\/uploads\/2026\/01\/41ab6ecb-6708-48bc-97b8-15cb5d8ef5b2_16-9-discover-aspect-ratio_default_0.jpg","amp_enabled":true,"_links":{"self":[{"href":"https:\/\/rnoticias.com.mx\/Portal\/wp-json\/wp\/v2\/posts\/242426","targetHints":{"allow":["GET"]}}],"collection":[{"href":"https:\/\/rnoticias.com.mx\/Portal\/wp-json\/wp\/v2\/posts"}],"about":[{"href":"https:\/\/rnoticias.com.mx\/Portal\/wp-json\/wp\/v2\/types\/post"}],"author":[{"embeddable":true,"href":"https:\/\/rnoticias.com.mx\/Portal\/wp-json\/wp\/v2\/users\/2"}],"replies":[{"embeddable":true,"href":"https:\/\/rnoticias.com.mx\/Portal\/wp-json\/wp\/v2\/comments?post=242426"}],"version-history":[{"count":1,"href":"https:\/\/rnoticias.com.mx\/Portal\/wp-json\/wp\/v2\/posts\/242426\/revisions"}],"predecessor-version":[{"id":242428,"href":"https:\/\/rnoticias.com.mx\/Portal\/wp-json\/wp\/v2\/posts\/242426\/revisions\/242428"}],"wp:featuredmedia":[{"embeddable":true,"href":"https:\/\/rnoticias.com.mx\/Portal\/wp-json\/wp\/v2\/media\/242427"}],"wp:attachment":[{"href":"https:\/\/rnoticias.com.mx\/Portal\/wp-json\/wp\/v2\/media?parent=242426"}],"wp:term":[{"taxonomy":"category","embeddable":true,"href":"https:\/\/rnoticias.com.mx\/Portal\/wp-json\/wp\/v2\/categories?post=242426"},{"taxonomy":"post_tag","embeddable":true,"href":"https:\/\/rnoticias.com.mx\/Portal\/wp-json\/wp\/v2\/tags?post=242426"}],"curies":[{"name":"wp","href":"https:\/\/api.w.org\/{rel}","templated":true}]}}