{"id":242423,"date":"2026-01-24T16:44:39","date_gmt":"2026-01-24T23:44:39","guid":{"rendered":"https:\/\/rnoticias.com.mx\/Portal\/?p=242423"},"modified":"2026-01-24T16:44:39","modified_gmt":"2026-01-24T23:44:39","slug":"gobernador-durazo-concreta-acuerdo-de-financiamiento-para-infraestructura-sostenible-en-sonora","status":"publish","type":"post","link":"https:\/\/rnoticias.com.mx\/Portal\/2026\/01\/24\/gobernador-durazo-concreta-acuerdo-de-financiamiento-para-infraestructura-sostenible-en-sonora\/","title":{"rendered":"Gobernador Durazo concreta acuerdo de financiamiento para infraestructura sostenible en Sonora"},"content":{"rendered":"<p>Hermosillo, Sonora; 24 de enero de 2026.- Con una visi\u00f3n de largo plazo y alineada al uso de los recursos p\u00fablicos con est\u00e1ndares internacionales de sostenibilidad, el gobernador Alfonso Durazo Monta\u00f1o encabez\u00f3 la presentaci\u00f3n del Marco de Financiamientos e Inversiones P\u00fablicas Sostenibles del Estado de Sonora, una estrategia que coloca a la entidad como referente nacional en el acceso a financiamiento verde, social y ambiental bajo est\u00e1ndares internacionales.<\/p>\n<p>Como parte de esta estrategia, el mandatario sonorense, acompa\u00f1ado de Carlos Hern\u00e1ndez Cordero, secretario de Hacienda del estado de Sonora, firm\u00f3 un acuerdo de colaboraci\u00f3n con el Banco de Desarrollo de Am\u00e9rica del Norte (NadBank), el cual contempla asistencia t\u00e9cnica financiera, asesor\u00eda en sostenibilidad ambiental y atenci\u00f3n prioritaria a los retos h\u00eddricos de la regi\u00f3n fronteriza.<\/p>\n<p>\u201cEste esfuerzo estrat\u00e9gico permite alinear el uso de los recursos p\u00fablicos del estado con los est\u00e1ndares internaciones y con la taxonom\u00eda sostenible de M\u00e9xico, incorporando categor\u00edas verdes y sociales que promueven impactos tangibles y medibles en materia de sostenibilidad\u201d, subray\u00f3 el jefe del Ejecutivo estatal.<\/p>\n<p>Por su parte, John Beckham, director general de NadBank, se\u00f1al\u00f3 que el acuerdo formaliza un trabajo conjunto para estructurar un programa de inversiones en infraestructura ambiental, enfocado prioritariamente en agua potable, saneamiento, modernizaci\u00f3n de redes de alcantarillado y fortalecimiento de plantas de tratamiento de aguas residuales, especialmente en comunidades que carecen de estos servicios.<\/p>\n<p>\u201cEl programa contempla proyectos en sectores estrat\u00e9gicos, teniendo como prioridad aquellos enfocados en agua y saneamiento o rehabilitaci\u00f3n y ampliaci\u00f3n de sistemas de potabilizaci\u00f3n, modernizaci\u00f3n de redes de alcantarillado, fortalecimiento de plantas de tratamiento de aguas residuales y ampliaci\u00f3n de servicios en comunidades que no cuentan con ellos\u201d, indic\u00f3.<\/p>\n<p>En las pr\u00f3ximas semanas, el Gobierno del Estado y NadBank iniciar\u00e1n un programa de capacitaci\u00f3n dirigido a servidores p\u00fablicos de los organismos operadores de agua, con el prop\u00f3sito de mejorar la gesti\u00f3n, el desempe\u00f1o t\u00e9cnico y la operaci\u00f3n eficiente de los sistemas en beneficio directo de los usuarios.<\/p>\n<p>En el evento estuvieron presentes Francisco Acu\u00f1a M\u00e9ndez, titular de Consejo para el Desarrollo Sostenible del Estado de Sonora (Codeso); Antonio Cabrera, coordinador de Deuda P\u00fablica de Entidades Federativas y Municipios de la Secretar\u00eda de Hacienda y Cr\u00e9dito P\u00fablico; Carlos Hern\u00e1ndez Cordero, secretario de Hacienda del estado de Sonora; Paulina Oca\u00f1a, jefa de la oficina del Ejecutivo; Celida L\u00f3pez, titular de Secretaria de Agricultura, Ganader\u00eda, Recursos Hidr\u00e1ulicos, Pesca y Acuacultura (Sagarhpa).<\/p>\n<p>Tambi\u00e9n asistieron Ariel Monge, titular de la Comisi\u00f3n Estatal del Agua (CEA); Alejandra Castro, titular de Secretar\u00eda de Infraestructura y Desarrollo Urbano (Sidur); Carmen Bonilla Rodr\u00edguez, titular de la Unidad de Cr\u00e9dito P\u00fablico de la SHCP; Gabriel Yorio, vicepresidente de Finanzas y Administraci\u00f3n del Banco Interamericano de Desarrollo (BID).<\/p>\n","protected":false},"excerpt":{"rendered":"<p>Hermosillo, Sonora; 24 de enero de 2026.- Con una visi\u00f3n de largo plazo y alineada al uso de los recursos p\u00fablicos con est\u00e1ndares internacionales de sostenibilidad, el gobernador Alfonso Durazo Monta\u00f1o encabez\u00f3 la presentaci\u00f3n del Marco de Financiamientos e Inversiones P\u00fablicas Sostenibles del Estado de Sonora, una estrategia que coloca a la entidad como referente [&hellip;]<\/p>\n","protected":false},"author":2,"featured_media":242424,"comment_status":"closed","ping_status":"closed","sticky":false,"template":"","format":"standard","meta":{"footnotes":""},"categories":[12870,178],"tags":[12865,12869],"class_list":["post-242423","post","type-post","status-publish","format-standard","has-post-thumbnail","hentry","category-destacadas","category-local","tag-destacadas","tag-local"],"jetpack_featured_media_url":"https:\/\/rnoticias.com.mx\/Portal\/wp-content\/uploads\/2026\/01\/4398.jpg","amp_enabled":true,"_links":{"self":[{"href":"https:\/\/rnoticias.com.mx\/Portal\/wp-json\/wp\/v2\/posts\/242423","targetHints":{"allow":["GET"]}}],"collection":[{"href":"https:\/\/rnoticias.com.mx\/Portal\/wp-json\/wp\/v2\/posts"}],"about":[{"href":"https:\/\/rnoticias.com.mx\/Portal\/wp-json\/wp\/v2\/types\/post"}],"author":[{"embeddable":true,"href":"https:\/\/rnoticias.com.mx\/Portal\/wp-json\/wp\/v2\/users\/2"}],"replies":[{"embeddable":true,"href":"https:\/\/rnoticias.com.mx\/Portal\/wp-json\/wp\/v2\/comments?post=242423"}],"version-history":[{"count":1,"href":"https:\/\/rnoticias.com.mx\/Portal\/wp-json\/wp\/v2\/posts\/242423\/revisions"}],"predecessor-version":[{"id":242425,"href":"https:\/\/rnoticias.com.mx\/Portal\/wp-json\/wp\/v2\/posts\/242423\/revisions\/242425"}],"wp:featuredmedia":[{"embeddable":true,"href":"https:\/\/rnoticias.com.mx\/Portal\/wp-json\/wp\/v2\/media\/242424"}],"wp:attachment":[{"href":"https:\/\/rnoticias.com.mx\/Portal\/wp-json\/wp\/v2\/media?parent=242423"}],"wp:term":[{"taxonomy":"category","embeddable":true,"href":"https:\/\/rnoticias.com.mx\/Portal\/wp-json\/wp\/v2\/categories?post=242423"},{"taxonomy":"post_tag","embeddable":true,"href":"https:\/\/rnoticias.com.mx\/Portal\/wp-json\/wp\/v2\/tags?post=242423"}],"curies":[{"name":"wp","href":"https:\/\/api.w.org\/{rel}","templated":true}]}}