{"id":242393,"date":"2026-01-24T11:00:43","date_gmt":"2026-01-24T18:00:43","guid":{"rendered":"https:\/\/rnoticias.com.mx\/Portal\/?p=242393"},"modified":"2026-01-24T11:00:43","modified_gmt":"2026-01-24T18:00:43","slug":"trump-amenaza-a-canada-con-un-arancel-del-100-si-firma-un-acuerdo-comercial-con-china","status":"publish","type":"post","link":"https:\/\/rnoticias.com.mx\/Portal\/2026\/01\/24\/trump-amenaza-a-canada-con-un-arancel-del-100-si-firma-un-acuerdo-comercial-con-china\/","title":{"rendered":"Trump amenaza a Canad\u00e1 con un arancel del 100 % si firma un acuerdo comercial con China"},"content":{"rendered":"<p>El presidente de Estados Unidos,\u00a0<strong>Donald Trump, amenaz\u00f3 este s\u00e1bado a Canad\u00e1 con un arancel del 100 % si concluye un acuerdo comercial con China.<\/strong><\/p>\n<p>El mandatario estadounidense dijo en su red social, Truth Social, que si el primer ministro canadiense, Mark Carney,\u00a0<strong>&#8220;cree que va a convertir a Canad\u00e1 en un punto de entrada para que China env\u00ede bienes y productos a Estados Unidos, est\u00e1 muy equivocado&#8221;.<\/strong><\/p>\n<p><strong>&#8220;China se tragar\u00e1 a Canad\u00e1, la devorar\u00e1 por completo, incluyendo la destrucci\u00f3n de sus empresas, su tejido social y su estilo de vida en general. Si Canad\u00e1 firma un acuerdo con China, se le impondr\u00e1 inmediatamente un arancel del 100% a todos los bienes y productos canadienses que entren a Estados Unidos&#8221;<\/strong>, a\u00f1adi\u00f3 en su mensaje.<\/p>\n<p>Esta semana, Trump afirm\u00f3 en el Foro Econ\u00f3mico Mundial, en Suiza, que\u00a0<strong>&#8220;Canad\u00e1 existe gracias a Estados Unidos&#8221;.<\/strong><\/p>\n<p>Por su parte, Carney respondi\u00f3 que los canadienses son los\u00a0<strong>&#8220;due\u00f1os&#8221;\u00a0<\/strong>en su hogar y que su naci\u00f3n puede ser un ejemplo de que el mundo no tiene por qu\u00e9 ceder ante las tendencias autocr\u00e1ticas.<\/p>\n","protected":false},"excerpt":{"rendered":"<p>El presidente de Estados Unidos,\u00a0Donald Trump, amenaz\u00f3 este s\u00e1bado a Canad\u00e1 con un arancel del 100 % si concluye un acuerdo comercial con China. El mandatario estadounidense dijo en su red social, Truth Social, que si el primer ministro canadiense, Mark Carney,\u00a0&#8220;cree que va a convertir a Canad\u00e1 en un punto de entrada para que [&hellip;]<\/p>\n","protected":false},"author":2,"featured_media":242394,"comment_status":"closed","ping_status":"closed","sticky":false,"template":"","format":"standard","meta":{"footnotes":""},"categories":[12870,182],"tags":[12865,12871],"class_list":["post-242393","post","type-post","status-publish","format-standard","has-post-thumbnail","hentry","category-destacadas","category-internacional","tag-destacadas","tag-internacional"],"jetpack_featured_media_url":"https:\/\/rnoticias.com.mx\/Portal\/wp-content\/uploads\/2026\/01\/00ffe00950abb2c0c46e630696149e9b.webp","amp_enabled":true,"_links":{"self":[{"href":"https:\/\/rnoticias.com.mx\/Portal\/wp-json\/wp\/v2\/posts\/242393","targetHints":{"allow":["GET"]}}],"collection":[{"href":"https:\/\/rnoticias.com.mx\/Portal\/wp-json\/wp\/v2\/posts"}],"about":[{"href":"https:\/\/rnoticias.com.mx\/Portal\/wp-json\/wp\/v2\/types\/post"}],"author":[{"embeddable":true,"href":"https:\/\/rnoticias.com.mx\/Portal\/wp-json\/wp\/v2\/users\/2"}],"replies":[{"embeddable":true,"href":"https:\/\/rnoticias.com.mx\/Portal\/wp-json\/wp\/v2\/comments?post=242393"}],"version-history":[{"count":1,"href":"https:\/\/rnoticias.com.mx\/Portal\/wp-json\/wp\/v2\/posts\/242393\/revisions"}],"predecessor-version":[{"id":242395,"href":"https:\/\/rnoticias.com.mx\/Portal\/wp-json\/wp\/v2\/posts\/242393\/revisions\/242395"}],"wp:featuredmedia":[{"embeddable":true,"href":"https:\/\/rnoticias.com.mx\/Portal\/wp-json\/wp\/v2\/media\/242394"}],"wp:attachment":[{"href":"https:\/\/rnoticias.com.mx\/Portal\/wp-json\/wp\/v2\/media?parent=242393"}],"wp:term":[{"taxonomy":"category","embeddable":true,"href":"https:\/\/rnoticias.com.mx\/Portal\/wp-json\/wp\/v2\/categories?post=242393"},{"taxonomy":"post_tag","embeddable":true,"href":"https:\/\/rnoticias.com.mx\/Portal\/wp-json\/wp\/v2\/tags?post=242393"}],"curies":[{"name":"wp","href":"https:\/\/api.w.org\/{rel}","templated":true}]}}