{"id":242390,"date":"2026-01-24T10:56:18","date_gmt":"2026-01-24T17:56:18","guid":{"rendered":"https:\/\/rnoticias.com.mx\/Portal\/?p=242390"},"modified":"2026-01-24T10:56:18","modified_gmt":"2026-01-24T17:56:18","slug":"educacion-en-sonora-avances-y-retos-vigentes-en-el-dia-internacional","status":"publish","type":"post","link":"https:\/\/rnoticias.com.mx\/Portal\/2026\/01\/24\/educacion-en-sonora-avances-y-retos-vigentes-en-el-dia-internacional\/","title":{"rendered":"Educaci\u00f3n en Sonora: avances y retos vigentes en el D\u00eda Internacional"},"content":{"rendered":"<p data-start=\"75\" data-end=\"618\">En el marco del D\u00eda Internacional de la Educaci\u00f3n, que se conmemora este 24 de enero, informaci\u00f3n proporcionada por el Instituto Nacional de Estad\u00edstica y Geograf\u00eda (INEGI) refleja tanto avances como desaf\u00edos persistentes en el \u00e1mbito educativo de Sonora. De acuerdo con estos datos, durante el tercer trimestre de 2025 el 2.1 por ciento de la poblaci\u00f3n de entre 5 y 14 a\u00f1os no asist\u00eda a la escuela, mientras que el 1.7 por ciento de las personas de 15 a\u00f1os y m\u00e1s no sab\u00eda leer ni escribir, lo que evidencia rezagos que a\u00fan requieren atenci\u00f3n.<\/p>\n<p data-start=\"620\" data-end=\"958\">En cuanto al nivel de escolaridad, el INEGI se\u00f1ala que el 35.4 por ciento de la poblaci\u00f3n contaba con secundaria completa y el 43.8 por ciento ten\u00eda estudios de nivel medio superior o superior. Adem\u00e1s, el 71.4 por ciento de quienes cursaron estudios profesionales logr\u00f3 egresar de su carrera, reflejando avances en la permanencia escolar.<\/p>\n<p data-start=\"960\" data-end=\"1388\" data-is-last-node=\"\" data-is-only-node=\"\">Durante 2024, en Sonora exist\u00edan 141 bibliotecas con m\u00e1s de 801 mil libros disponibles. No obstante, el 13.7 por ciento de la poblaci\u00f3n se encontraba en situaci\u00f3n de rezago educativo. En los hogares, el 5.9 por ciento del gasto corriente trimestral se destin\u00f3 a art\u00edculos y servicios educativos, y el 51.3 por ciento de la poblaci\u00f3n de seis a\u00f1os y m\u00e1s utiliz\u00f3 computadora para labores escolares, de acuerdo con cifras del INEGI.<\/p>\n","protected":false},"excerpt":{"rendered":"<p>En el marco del D\u00eda Internacional de la Educaci\u00f3n, que se conmemora este 24 de enero, informaci\u00f3n proporcionada por el Instituto Nacional de Estad\u00edstica y Geograf\u00eda (INEGI) refleja tanto avances como desaf\u00edos persistentes en el \u00e1mbito educativo de Sonora. De acuerdo con estos datos, durante el tercer trimestre de 2025 el 2.1 por ciento de [&hellip;]<\/p>\n","protected":false},"author":2,"featured_media":242391,"comment_status":"closed","ping_status":"closed","sticky":false,"template":"","format":"standard","meta":{"footnotes":""},"categories":[12870,178],"tags":[12865,12869],"class_list":["post-242390","post","type-post","status-publish","format-standard","has-post-thumbnail","hentry","category-destacadas","category-local","tag-destacadas","tag-local"],"jetpack_featured_media_url":"https:\/\/rnoticias.com.mx\/Portal\/wp-content\/uploads\/2026\/01\/66e89ed71a1f6.jpg","amp_enabled":true,"_links":{"self":[{"href":"https:\/\/rnoticias.com.mx\/Portal\/wp-json\/wp\/v2\/posts\/242390","targetHints":{"allow":["GET"]}}],"collection":[{"href":"https:\/\/rnoticias.com.mx\/Portal\/wp-json\/wp\/v2\/posts"}],"about":[{"href":"https:\/\/rnoticias.com.mx\/Portal\/wp-json\/wp\/v2\/types\/post"}],"author":[{"embeddable":true,"href":"https:\/\/rnoticias.com.mx\/Portal\/wp-json\/wp\/v2\/users\/2"}],"replies":[{"embeddable":true,"href":"https:\/\/rnoticias.com.mx\/Portal\/wp-json\/wp\/v2\/comments?post=242390"}],"version-history":[{"count":1,"href":"https:\/\/rnoticias.com.mx\/Portal\/wp-json\/wp\/v2\/posts\/242390\/revisions"}],"predecessor-version":[{"id":242392,"href":"https:\/\/rnoticias.com.mx\/Portal\/wp-json\/wp\/v2\/posts\/242390\/revisions\/242392"}],"wp:featuredmedia":[{"embeddable":true,"href":"https:\/\/rnoticias.com.mx\/Portal\/wp-json\/wp\/v2\/media\/242391"}],"wp:attachment":[{"href":"https:\/\/rnoticias.com.mx\/Portal\/wp-json\/wp\/v2\/media?parent=242390"}],"wp:term":[{"taxonomy":"category","embeddable":true,"href":"https:\/\/rnoticias.com.mx\/Portal\/wp-json\/wp\/v2\/categories?post=242390"},{"taxonomy":"post_tag","embeddable":true,"href":"https:\/\/rnoticias.com.mx\/Portal\/wp-json\/wp\/v2\/tags?post=242390"}],"curies":[{"name":"wp","href":"https:\/\/api.w.org\/{rel}","templated":true}]}}