{"id":242384,"date":"2026-01-24T10:34:14","date_gmt":"2026-01-24T17:34:14","guid":{"rendered":"https:\/\/rnoticias.com.mx\/Portal\/?p=242384"},"modified":"2026-01-24T10:34:14","modified_gmt":"2026-01-24T17:34:14","slug":"edgar-fuentes-incursionara-en-la-prueba-de-impulso-de-bala","status":"publish","type":"post","link":"https:\/\/rnoticias.com.mx\/Portal\/2026\/01\/24\/edgar-fuentes-incursionara-en-la-prueba-de-impulso-de-bala\/","title":{"rendered":"\u00c9DGAR FUENTES INCURSIONAR\u00c1 EN LA PRUEBA DE IMPULSO DE BALA"},"content":{"rendered":"<p class=\"x_gmail-MsoNoSpacing\"><span data-olk-copy-source=\"MessageBody\">Hermosillo, Sonora, 24 de enero del 2026.- El medallista paral\u00edmpico \u00c9dgar Ulises Fuentes, quien obtuvo una medalla de plata en lanzamiento de jabalina en Par\u00eds 2024, tendr\u00e1 un \u201ctraslado\u201d deportivo, ya que entrar\u00e1 en una nueva etapa, al incursionar de lleno en la prueba de impulso de bala.\u00a0\u00a0<\/span><\/p>\n<p class=\"x_gmail-MsoNoSpacing\">\n<p class=\"x_gmail-MsoNoSpacing\">La transici\u00f3n ser\u00e1 debido a que, en los pr\u00f3ximos Juegos Paral\u00edmpicos, a celebrarse en Los \u00c1ngeles, California, Estados Unidos, en el 2028, no estar\u00e1 activa su prueba, que pertenece a la clasificaci\u00f3n F54, medida adoptada por el Comit\u00e9 Organizador.<\/p>\n<p class=\"x_gmail-MsoNoSpacing\">\n<p class=\"x_gmail-MsoNoSpacing\">\u201cTuvimos que tomar esa decisi\u00f3n, de hecho, pensamos en la alternativa de emigrar al powerlifting, pero son muy dif\u00edciles los criterios de clasificaci\u00f3n en comparaci\u00f3n con el atletismo, entonces se abri\u00f3 la puerta en impulso de bala, una prueba no tan desconocida para m\u00ed\u201d, dijo el paratleta en silla de ruedas.<\/p>\n<p class=\"x_gmail-MsoNoSpacing\">\n<p class=\"x_gmail-MsoNoSpacing\">\u201cA ciencia cierta no sabemos qu\u00e9 pas\u00f3, pero eso ya ha sucedido en otros deportes (como el beisbol o el softbol), por el momento quedar\u00e1 fuera (la jabalina), de tal forma, nos enfocaremos a la bala, prueba de la cual tengo noci\u00f3n, adem\u00e1s, conforme avancemos, iremos adapt\u00e1ndonos al mecanismo, todo en ruta a tratar de alcanzar nuestros terceros Juegos Paral\u00edmpicos\u201d, coment\u00f3.<\/p>\n<p class=\"x_gmail-MsoNoSpacing\">\n<p class=\"x_gmail-MsoNoSpacing\">Inclusive, se\u00f1al\u00f3, ya inici\u00f3 entrenamientos en impulso de bala, con el objetivo de ver acci\u00f3n en varias fases del Grand Prix de Paratletismo 2026; en su caso, pretende abrir en la sede destinada a M\u00e9xico: Guadalajara, Jalisco, del 8 al 11 de mayo. Posteriormente, quedar\u00edan pendientes paradas en Francia, T\u00fanez y Colombia.<\/p>\n<p class=\"x_gmail-MsoNoSpacing\">\n<p class=\"x_gmail-MsoNoSpacing\">\u201cMi \u00faltima competencia internacional en impulso de bala fue en Veracruz en el 2024, en donde gan\u00e9 la medalla de oro (con un registro de 8.40), eso me dio un par\u00e1metro de que no andaba tan bajo, aunque debemos continuar prepar\u00e1ndonos duro para alcanzar una marca paral\u00edmpica en busca de un podio. Estamos hablando de m\u00e1s de 12 metros\u201d, indic\u00f3.<\/p>\n<p class=\"x_gmail-MsoNoSpacing\">\n<p class=\"x_gmail-MsoNoSpacing\">Aparte del Grand Prix, Fuentes Y\u00e1nez buscar\u00e1 estar presente en la primera edici\u00f3n de los Juegos Paracentroamericanos y del Caribe, programados para celebrarse en Guanajuato (entre agosto y septiembre), en donde cabe la posibilidad de que lance en las dos pruebas, pues la jabalina podr\u00eda mantenerse en ese evento deportivo internacional.<\/p>\n<p class=\"x_gmail-MsoNoSpacing\">\n<p class=\"x_gmail-MsoNoSpacing\">Sobre sus rivales en impulso de bala, mencion\u00f3 que tendr\u00e1 una dura contienda con lanzadores de naciones como Brasil, Rusia, Estados Unidos, Eslovenia, Polonia, Grecia, India y Kazajist\u00e1n, adem\u00e1s de su compatriota, el mexiquense Jonathan Salinas, quien aparece como el n\u00famero uno del continente y quinto del planeta en la clasificaci\u00f3n F54.<\/p>\n<p class=\"x_gmail-MsoNoSpacing\">\n<p class=\"x_gmail-MsoNoSpacing\">\u201cCreo que tenerlo a \u00e9l (Salinas) ser\u00e1 algo positivo, porque es de los mejores del mundo, eso me servir\u00e1 para lograr un mejor crecimiento, pues, al estar juntos en competencias a nivel nacional, existe la oportunidad de subir marcas por su gran calidad\u201d, agreg\u00f3 el paral\u00edmpico de Tokio 2020 y Par\u00eds 2024.<\/p>\n","protected":false},"excerpt":{"rendered":"<p>Hermosillo, Sonora, 24 de enero del 2026.- El medallista paral\u00edmpico \u00c9dgar Ulises Fuentes, quien obtuvo una medalla de plata en lanzamiento de jabalina en Par\u00eds 2024, tendr\u00e1 un \u201ctraslado\u201d deportivo, ya que entrar\u00e1 en una nueva etapa, al incursionar de lleno en la prueba de impulso de bala.\u00a0\u00a0 La transici\u00f3n ser\u00e1 debido a que, en [&hellip;]<\/p>\n","protected":false},"author":2,"featured_media":242385,"comment_status":"closed","ping_status":"closed","sticky":false,"template":"","format":"standard","meta":{"footnotes":""},"categories":[188,12870],"tags":[5231,12865],"class_list":["post-242384","post","type-post","status-publish","format-standard","has-post-thumbnail","hentry","category-deportes","category-destacadas","tag-deportes","tag-destacadas"],"jetpack_featured_media_url":"https:\/\/rnoticias.com.mx\/Portal\/wp-content\/uploads\/2026\/01\/Edgar-Fuentes.jpg","amp_enabled":true,"_links":{"self":[{"href":"https:\/\/rnoticias.com.mx\/Portal\/wp-json\/wp\/v2\/posts\/242384","targetHints":{"allow":["GET"]}}],"collection":[{"href":"https:\/\/rnoticias.com.mx\/Portal\/wp-json\/wp\/v2\/posts"}],"about":[{"href":"https:\/\/rnoticias.com.mx\/Portal\/wp-json\/wp\/v2\/types\/post"}],"author":[{"embeddable":true,"href":"https:\/\/rnoticias.com.mx\/Portal\/wp-json\/wp\/v2\/users\/2"}],"replies":[{"embeddable":true,"href":"https:\/\/rnoticias.com.mx\/Portal\/wp-json\/wp\/v2\/comments?post=242384"}],"version-history":[{"count":1,"href":"https:\/\/rnoticias.com.mx\/Portal\/wp-json\/wp\/v2\/posts\/242384\/revisions"}],"predecessor-version":[{"id":242386,"href":"https:\/\/rnoticias.com.mx\/Portal\/wp-json\/wp\/v2\/posts\/242384\/revisions\/242386"}],"wp:featuredmedia":[{"embeddable":true,"href":"https:\/\/rnoticias.com.mx\/Portal\/wp-json\/wp\/v2\/media\/242385"}],"wp:attachment":[{"href":"https:\/\/rnoticias.com.mx\/Portal\/wp-json\/wp\/v2\/media?parent=242384"}],"wp:term":[{"taxonomy":"category","embeddable":true,"href":"https:\/\/rnoticias.com.mx\/Portal\/wp-json\/wp\/v2\/categories?post=242384"},{"taxonomy":"post_tag","embeddable":true,"href":"https:\/\/rnoticias.com.mx\/Portal\/wp-json\/wp\/v2\/tags?post=242384"}],"curies":[{"name":"wp","href":"https:\/\/api.w.org\/{rel}","templated":true}]}}