{"id":242355,"date":"2026-01-23T19:07:22","date_gmt":"2026-01-24T02:07:22","guid":{"rendered":"https:\/\/rnoticias.com.mx\/Portal\/?p=242355"},"modified":"2026-01-23T19:07:22","modified_gmt":"2026-01-24T02:07:22","slug":"exhorta-ayuntamiento-de-hermosillo-a-quienes-tramitaron-en-2025-a-recoger-su-cartilla-militar-nacional-liberada","status":"publish","type":"post","link":"https:\/\/rnoticias.com.mx\/Portal\/2026\/01\/23\/exhorta-ayuntamiento-de-hermosillo-a-quienes-tramitaron-en-2025-a-recoger-su-cartilla-militar-nacional-liberada\/","title":{"rendered":"Exhorta Ayuntamiento de Hermosillo a quienes tramitaron en 2025 a recoger su Cartilla Militar Nacional liberada"},"content":{"rendered":"<p>Hermosillo, Sonora, 23 de enero, 2026.- El Ayuntamiento de Hermosillo, a trav\u00e9s de la Direcci\u00f3n de Servicios de Gobierno y en coordinaci\u00f3n con la Cuarta Zona Militar, hace un llamado a j\u00f3venes que tramitaron su Cartilla de Identidad del Servicio Militar Nacional durante el a\u00f1o 2025, para que acudan a recoger su documento liberado en las instalaciones del 73 Batall\u00f3n de Infanter\u00eda.<\/p>\n<p>Las y los interesados deber\u00e1n presentarse en las instalaciones ubicadas en avenida Garc\u00eda Aburto final s\/n, colonia Loma Linda, los s\u00e1bados y domingos del mes de enero, en un horario de 08:00 a 13:00 horas.<\/p>\n<p>Con estas acciones, el Ayuntamiento de Hermosillo refrenda su compromiso de facilitar a j\u00f3venes del municipio el cumplimiento de sus obligaciones constitucionales, permiti\u00e9ndoles adquirir su Cartilla de Identidad del Servicio Militar Nacional liberada, de manera ordenada y sin contratiempos.<\/p>\n<p>Asimismo, se extiende una invitaci\u00f3n a las j\u00f3venes de Hermosillo clase 2008 para que se sumen en el Servicio Militar Nacional bajo la modalidad de \u201cMujeres Voluntarias\u201d, incorpor\u00e1ndose al 73 Batall\u00f3n de Infanter\u00eda, como una oportunidad de contribuir al pa\u00eds y fortalecer valores c\u00edvicos y de responsabilidad social.<\/p>\n","protected":false},"excerpt":{"rendered":"<p>Hermosillo, Sonora, 23 de enero, 2026.- El Ayuntamiento de Hermosillo, a trav\u00e9s de la Direcci\u00f3n de Servicios de Gobierno y en coordinaci\u00f3n con la Cuarta Zona Militar, hace un llamado a j\u00f3venes que tramitaron su Cartilla de Identidad del Servicio Militar Nacional durante el a\u00f1o 2025, para que acudan a recoger su documento liberado en [&hellip;]<\/p>\n","protected":false},"author":2,"featured_media":242356,"comment_status":"closed","ping_status":"closed","sticky":false,"template":"","format":"standard","meta":{"footnotes":""},"categories":[12870,178],"tags":[12865,12869],"class_list":["post-242355","post","type-post","status-publish","format-standard","has-post-thumbnail","hentry","category-destacadas","category-local","tag-destacadas","tag-local"],"jetpack_featured_media_url":"https:\/\/rnoticias.com.mx\/Portal\/wp-content\/uploads\/2026\/01\/70.jpg","amp_enabled":true,"_links":{"self":[{"href":"https:\/\/rnoticias.com.mx\/Portal\/wp-json\/wp\/v2\/posts\/242355","targetHints":{"allow":["GET"]}}],"collection":[{"href":"https:\/\/rnoticias.com.mx\/Portal\/wp-json\/wp\/v2\/posts"}],"about":[{"href":"https:\/\/rnoticias.com.mx\/Portal\/wp-json\/wp\/v2\/types\/post"}],"author":[{"embeddable":true,"href":"https:\/\/rnoticias.com.mx\/Portal\/wp-json\/wp\/v2\/users\/2"}],"replies":[{"embeddable":true,"href":"https:\/\/rnoticias.com.mx\/Portal\/wp-json\/wp\/v2\/comments?post=242355"}],"version-history":[{"count":1,"href":"https:\/\/rnoticias.com.mx\/Portal\/wp-json\/wp\/v2\/posts\/242355\/revisions"}],"predecessor-version":[{"id":242357,"href":"https:\/\/rnoticias.com.mx\/Portal\/wp-json\/wp\/v2\/posts\/242355\/revisions\/242357"}],"wp:featuredmedia":[{"embeddable":true,"href":"https:\/\/rnoticias.com.mx\/Portal\/wp-json\/wp\/v2\/media\/242356"}],"wp:attachment":[{"href":"https:\/\/rnoticias.com.mx\/Portal\/wp-json\/wp\/v2\/media?parent=242355"}],"wp:term":[{"taxonomy":"category","embeddable":true,"href":"https:\/\/rnoticias.com.mx\/Portal\/wp-json\/wp\/v2\/categories?post=242355"},{"taxonomy":"post_tag","embeddable":true,"href":"https:\/\/rnoticias.com.mx\/Portal\/wp-json\/wp\/v2\/tags?post=242355"}],"curies":[{"name":"wp","href":"https:\/\/api.w.org\/{rel}","templated":true}]}}