{"id":242346,"date":"2026-01-23T19:00:44","date_gmt":"2026-01-24T02:00:44","guid":{"rendered":"https:\/\/rnoticias.com.mx\/Portal\/?p=242346"},"modified":"2026-01-23T19:00:44","modified_gmt":"2026-01-24T02:00:44","slug":"sube-a-45-el-numero-de-muertos-en-el-accidente-de-trenes-de-espana","status":"publish","type":"post","link":"https:\/\/rnoticias.com.mx\/Portal\/2026\/01\/23\/sube-a-45-el-numero-de-muertos-en-el-accidente-de-trenes-de-espana\/","title":{"rendered":"Sube a 45 el n\u00famero de muertos en el accidente de trenes de Espa\u00f1a"},"content":{"rendered":"<p>El n\u00famero de muertos en el\u00a0<strong>accidente ferroviario<\/strong>\u00a0ocurrido el domingo en la localidad de Adamuz, en Espa\u00f1a, asciende ya a 45, despu\u00e9s de que los servicios de emergencia que act\u00faan en la zona hayan encontrado este jueves otros dos cad\u00e1veres.<\/p>\n<p>Se trata de los dos \u00faltimos desaparecidos que quedaban por localizar, de acuerdo con las denuncias presentadas por los familiares. Los efectivos que trabajan en la zona hab\u00edan intensificado la b\u00fasqueda en las \u00faltimas horas con m\u00e1s personal y medios.<\/p>\n<p>Respecto a los 43 fallecidos antes de que aparecieran estos dos \u00faltimos cad\u00e1veres, el servicio de criminal\u00edstica de la\u00a0<strong>Guardia Civil<\/strong>\u00a0los ha identificado a todos. Por su parte, de las 45 denuncias presentadas en las comandancias de la Guardia Civil de distintas ciudades, la mayor\u00eda son de ciudadanos espa\u00f1oles, excepto tres que son de Marruecos, Rusia y Alemania.<\/p>\n<p>El accidente, que caus\u00f3 tambi\u00e9n m\u00e1s de un centenar de heridos, se produjo cuando un tren de alta velocidad de la compa\u00f1\u00eda Iryo, que hab\u00eda salido de M\u00e1laga con destino a\u00a0<strong>Madrid<\/strong>, sufri\u00f3 el\u00a0<strong>descarrilamiento<\/strong>\u00a0de sus tres \u00faltimos vagones e invadi\u00f3 la v\u00eda contigua, por la que en ese momento circulaba otro convoy, de Renfe, con el que choc\u00f3 y que tambi\u00e9n se sali\u00f3 de las v\u00edas, de modo que dos de sus vagones se precipitaron por un terrapl\u00e9n.<\/p>\n","protected":false},"excerpt":{"rendered":"<p>El n\u00famero de muertos en el\u00a0accidente ferroviario\u00a0ocurrido el domingo en la localidad de Adamuz, en Espa\u00f1a, asciende ya a 45, despu\u00e9s de que los servicios de emergencia que act\u00faan en la zona hayan encontrado este jueves otros dos cad\u00e1veres. Se trata de los dos \u00faltimos desaparecidos que quedaban por localizar, de acuerdo con las denuncias [&hellip;]<\/p>\n","protected":false},"author":2,"featured_media":242347,"comment_status":"closed","ping_status":"closed","sticky":false,"template":"","format":"standard","meta":{"footnotes":""},"categories":[12870,182],"tags":[12865,12871],"class_list":["post-242346","post","type-post","status-publish","format-standard","has-post-thumbnail","hentry","category-destacadas","category-internacional","tag-destacadas","tag-internacional"],"jetpack_featured_media_url":"https:\/\/rnoticias.com.mx\/Portal\/wp-content\/uploads\/2026\/01\/choque-trenes-espana.webp","amp_enabled":true,"_links":{"self":[{"href":"https:\/\/rnoticias.com.mx\/Portal\/wp-json\/wp\/v2\/posts\/242346","targetHints":{"allow":["GET"]}}],"collection":[{"href":"https:\/\/rnoticias.com.mx\/Portal\/wp-json\/wp\/v2\/posts"}],"about":[{"href":"https:\/\/rnoticias.com.mx\/Portal\/wp-json\/wp\/v2\/types\/post"}],"author":[{"embeddable":true,"href":"https:\/\/rnoticias.com.mx\/Portal\/wp-json\/wp\/v2\/users\/2"}],"replies":[{"embeddable":true,"href":"https:\/\/rnoticias.com.mx\/Portal\/wp-json\/wp\/v2\/comments?post=242346"}],"version-history":[{"count":1,"href":"https:\/\/rnoticias.com.mx\/Portal\/wp-json\/wp\/v2\/posts\/242346\/revisions"}],"predecessor-version":[{"id":242348,"href":"https:\/\/rnoticias.com.mx\/Portal\/wp-json\/wp\/v2\/posts\/242346\/revisions\/242348"}],"wp:featuredmedia":[{"embeddable":true,"href":"https:\/\/rnoticias.com.mx\/Portal\/wp-json\/wp\/v2\/media\/242347"}],"wp:attachment":[{"href":"https:\/\/rnoticias.com.mx\/Portal\/wp-json\/wp\/v2\/media?parent=242346"}],"wp:term":[{"taxonomy":"category","embeddable":true,"href":"https:\/\/rnoticias.com.mx\/Portal\/wp-json\/wp\/v2\/categories?post=242346"},{"taxonomy":"post_tag","embeddable":true,"href":"https:\/\/rnoticias.com.mx\/Portal\/wp-json\/wp\/v2\/tags?post=242346"}],"curies":[{"name":"wp","href":"https:\/\/api.w.org\/{rel}","templated":true}]}}