{"id":242343,"date":"2026-01-23T18:59:17","date_gmt":"2026-01-24T01:59:17","guid":{"rendered":"https:\/\/rnoticias.com.mx\/Portal\/?p=242343"},"modified":"2026-01-23T18:59:17","modified_gmt":"2026-01-24T01:59:17","slug":"actividad-economica-de-mexico-retrocede-0-1-interanual-en-noviembre-de-2025","status":"publish","type":"post","link":"https:\/\/rnoticias.com.mx\/Portal\/2026\/01\/23\/actividad-economica-de-mexico-retrocede-0-1-interanual-en-noviembre-de-2025\/","title":{"rendered":"Actividad econ\u00f3mica de M\u00e9xico retrocede 0.1% interanual en noviembre de 2025"},"content":{"rendered":"<p>La\u00a0<strong>actividad econ\u00f3mica de M\u00e9xico<\/strong>\u00a0retrocedi\u00f3 un 0,1 % interanual en\u00a0<strong>noviembre de 2025<\/strong>, debido al desempe\u00f1o negativo de las actividades secundarias, inform\u00f3 este viernes el\u00a0<strong>Instituto Nacional de Estad\u00edstica y Geograf\u00eda<\/strong>\u00a0(Inegi).<\/p>\n<p>El Inegi detall\u00f3 que, en cifras originales, el retroceso anual del\u00a0<strong>Indicador Global de la Actividad Econ\u00f3mica<\/strong>\u00a0(IGAE) se explic\u00f3 por la ca\u00edda de las\u00a0<strong>actividades secundarias<\/strong>\u00a0(-0,8 %), mientras que las primarias crecieron 1,3 % y las terciarias avanzaron 0,2 %.<\/p>\n<p>En el acumulado de enero a noviembre de 2025, la actividad econ\u00f3mica mostr\u00f3 un incremento de 0,2 % frente al mismo periodo de 2024, seg\u00fan el reporte del instituto aut\u00f3nomo.<\/p>\n<p>Al interior de las\u00a0<strong>actividades primarias<\/strong>, la agricultura subi\u00f3 un 0,9 %, mientras que la cr\u00eda y explotaci\u00f3n de animales repunto 2,6 %.<\/p>\n<p>En las secundarias, la miner\u00eda disminuy\u00f3 1 % anual y las industrias manufactureras cayeron 2,2 %, mientras que la construcci\u00f3n creci\u00f3 3,7 % y la generaci\u00f3n, transmisi\u00f3n y distribuci\u00f3n de energ\u00eda el\u00e9ctrica, as\u00ed como el suministro de agua y gas, avanz\u00f3 1,4 %.<\/p>\n<p>En las\u00a0<strong>actividades terciarias<\/strong>, el comercio al por mayor baj\u00f3 6,7 %, en contraste con el comercio al por menor, que subi\u00f3 3,9 %. Tambi\u00e9n retrocedieron los transportes, correos y almacenamiento (-2,7 %) y el rubro de alojamiento temporal y preparaci\u00f3n de alimentos y bebidas (-2,3 %).<\/p>\n<p>En contraste, destacaron los servicios de apoyo a los negocios y manejo de residuos (11,0 %) y los servicios de salud y asistencia social (5,7 %).<\/p>\n","protected":false},"excerpt":{"rendered":"<p>La\u00a0actividad econ\u00f3mica de M\u00e9xico\u00a0retrocedi\u00f3 un 0,1 % interanual en\u00a0noviembre de 2025, debido al desempe\u00f1o negativo de las actividades secundarias, inform\u00f3 este viernes el\u00a0Instituto Nacional de Estad\u00edstica y Geograf\u00eda\u00a0(Inegi). El Inegi detall\u00f3 que, en cifras originales, el retroceso anual del\u00a0Indicador Global de la Actividad Econ\u00f3mica\u00a0(IGAE) se explic\u00f3 por la ca\u00edda de las\u00a0actividades secundarias\u00a0(-0,8 %), mientras que [&hellip;]<\/p>\n","protected":false},"author":2,"featured_media":242344,"comment_status":"closed","ping_status":"closed","sticky":false,"template":"","format":"standard","meta":{"footnotes":""},"categories":[12870,172],"tags":[12865,12874],"class_list":["post-242343","post","type-post","status-publish","format-standard","has-post-thumbnail","hentry","category-destacadas","category-nacional","tag-destacadas","tag-nacional"],"jetpack_featured_media_url":"https:\/\/rnoticias.com.mx\/Portal\/wp-content\/uploads\/2026\/01\/economia-dinero-peso-29072025.jpg","amp_enabled":true,"_links":{"self":[{"href":"https:\/\/rnoticias.com.mx\/Portal\/wp-json\/wp\/v2\/posts\/242343","targetHints":{"allow":["GET"]}}],"collection":[{"href":"https:\/\/rnoticias.com.mx\/Portal\/wp-json\/wp\/v2\/posts"}],"about":[{"href":"https:\/\/rnoticias.com.mx\/Portal\/wp-json\/wp\/v2\/types\/post"}],"author":[{"embeddable":true,"href":"https:\/\/rnoticias.com.mx\/Portal\/wp-json\/wp\/v2\/users\/2"}],"replies":[{"embeddable":true,"href":"https:\/\/rnoticias.com.mx\/Portal\/wp-json\/wp\/v2\/comments?post=242343"}],"version-history":[{"count":1,"href":"https:\/\/rnoticias.com.mx\/Portal\/wp-json\/wp\/v2\/posts\/242343\/revisions"}],"predecessor-version":[{"id":242345,"href":"https:\/\/rnoticias.com.mx\/Portal\/wp-json\/wp\/v2\/posts\/242343\/revisions\/242345"}],"wp:featuredmedia":[{"embeddable":true,"href":"https:\/\/rnoticias.com.mx\/Portal\/wp-json\/wp\/v2\/media\/242344"}],"wp:attachment":[{"href":"https:\/\/rnoticias.com.mx\/Portal\/wp-json\/wp\/v2\/media?parent=242343"}],"wp:term":[{"taxonomy":"category","embeddable":true,"href":"https:\/\/rnoticias.com.mx\/Portal\/wp-json\/wp\/v2\/categories?post=242343"},{"taxonomy":"post_tag","embeddable":true,"href":"https:\/\/rnoticias.com.mx\/Portal\/wp-json\/wp\/v2\/tags?post=242343"}],"curies":[{"name":"wp","href":"https:\/\/api.w.org\/{rel}","templated":true}]}}