{"id":242313,"date":"2026-01-23T18:39:17","date_gmt":"2026-01-24T01:39:17","guid":{"rendered":"https:\/\/rnoticias.com.mx\/Portal\/?p=242313"},"modified":"2026-01-23T18:39:17","modified_gmt":"2026-01-24T01:39:17","slug":"estados-unidos-esta-oficialmente-fuera-de-la-oms","status":"publish","type":"post","link":"https:\/\/rnoticias.com.mx\/Portal\/2026\/01\/23\/estados-unidos-esta-oficialmente-fuera-de-la-oms\/","title":{"rendered":"Estados Unidos est\u00e1 oficialmente fuera de la OMS"},"content":{"rendered":"<div>\n<div class=\"post-details\">\n<p>Este 22 de enero de 2026 es la fecha oficial en que\u00a0<strong>Estados Unidos<\/strong>\u00a0ya no es miembro de la\u00a0<strong>Organizaci\u00f3n Mundial de la Salud<\/strong>, seg\u00fan m\u00faltiples reportes y declaraciones oficiales, aunque con el debate pendiente sobre la deuda. Esto representa un cambio significativo en la cooperaci\u00f3n sanitaria internacional.<\/p>\n<\/div>\n<\/div>\n<div>\n<div class=\"post-details\">\n<p>Recordemos que el 20 de enero de 2025, justo al asumir su segundo mandato, el presidente\u00a0<strong>Donald Trump<\/strong>\u00a0firm\u00f3 una orden ejecutiva para retirar a\u00a0<strong>Estados Unidos<\/strong>\u00a0de la\u00a0<strong>OMS<\/strong>. Esto revoc\u00f3 la decisi\u00f3n previa de\u00a0<strong>Biden<\/strong> de 2021 que hab\u00eda revertido un intento similar en 2020.<\/p>\n<\/div>\n<\/div>\n<div>\n<div class=\"post-details\">\n<p>La notificaci\u00f3n formal se dio con un a\u00f1o de antelaci\u00f3n, requisito legal seg\u00fan la resoluci\u00f3n del\u00a0<strong>Congreso de 1948<\/strong>\u00a0que permiti\u00f3 la adhesi\u00f3n de\u00a0<strong>EUA<\/strong>\u00a0a la\u00a0<strong>OMS<\/strong>. Por eso, la salida entr\u00f3 en vigor exactamente el 22 de enero de 2026.<\/p>\n<\/div>\n<\/div>\n<div>\n<div class=\"post-details\">\n<p>Fuentes internacionales\u00a0confirman que hoy se considera efectiva la retirada. El\u00a0<strong>Departamento de Salud y Servicios Humanos de EU<\/strong>\u00a0lo ha declarado completado.<\/p>\n<\/div>\n<\/div>\n<div>\n<div class=\"post-details\">\n<p>Cabe mencionar que los\u00a0<strong>Estados Unidos<\/strong>\u00a0dejaron una deuda pendiente de cuotas no pagadas, alrededor de\u00a0<strong>260-278 millones de d\u00f3lares<\/strong>\u00a0por 2024 y 2025. Algunos expertos y la\u00a0<strong>OMS<\/strong>\u00a0se\u00f1alan que legalmente la salida requiere saldar las obligaciones financieras, pero la\u00a0<strong>administraci\u00f3n Trump<\/strong> ha procedido de todos modos y no planea pagarlas.<\/p>\n<\/div>\n<\/div>\n<div>\n<div class=\"post-details\">\n<p>La<strong>\u00a0OMS<\/strong>\u00a0lament\u00f3 profundamente la decisi\u00f3n desde el anuncio en 2025 y ha pedido reiteradamente reconsiderarla, destacando que EU fue miembro fundador en 1948 y uno de los mayores financiadores. Advierten impactos negativos en la salud global, detecci\u00f3n de brotes y respuesta a emergencias.<\/p>\n<\/div>\n<\/div>\n<div>\n<div class=\"post-details\">\n<p><strong>Trump<\/strong>\u00a0justific\u00f3 la salida por el supuesto mal manejo de la\u00a0<strong>pandemia de COVID-19<\/strong>, falta de reformas, influencia pol\u00edtica indebida, especialmente de<strong>\u00a0China<\/strong>\u00a0y cuotas desproporcionadas.<\/p>\n<\/div>\n<\/div>\n","protected":false},"excerpt":{"rendered":"<p>Este 22 de enero de 2026 es la fecha oficial en que\u00a0Estados Unidos\u00a0ya no es miembro de la\u00a0Organizaci\u00f3n Mundial de la Salud, seg\u00fan m\u00faltiples reportes y declaraciones oficiales, aunque con el debate pendiente sobre la deuda. Esto representa un cambio significativo en la cooperaci\u00f3n sanitaria internacional. Recordemos que el 20 de enero de 2025, justo [&hellip;]<\/p>\n","protected":false},"author":2,"featured_media":242314,"comment_status":"closed","ping_status":"closed","sticky":false,"template":"","format":"standard","meta":{"footnotes":""},"categories":[12870,182],"tags":[12865,12871],"class_list":["post-242313","post","type-post","status-publish","format-standard","has-post-thumbnail","hentry","category-destacadas","category-internacional","tag-destacadas","tag-internacional"],"jetpack_featured_media_url":"https:\/\/rnoticias.com.mx\/Portal\/wp-content\/uploads\/2026\/01\/el-momento-20-780x470-1.webp","amp_enabled":true,"_links":{"self":[{"href":"https:\/\/rnoticias.com.mx\/Portal\/wp-json\/wp\/v2\/posts\/242313","targetHints":{"allow":["GET"]}}],"collection":[{"href":"https:\/\/rnoticias.com.mx\/Portal\/wp-json\/wp\/v2\/posts"}],"about":[{"href":"https:\/\/rnoticias.com.mx\/Portal\/wp-json\/wp\/v2\/types\/post"}],"author":[{"embeddable":true,"href":"https:\/\/rnoticias.com.mx\/Portal\/wp-json\/wp\/v2\/users\/2"}],"replies":[{"embeddable":true,"href":"https:\/\/rnoticias.com.mx\/Portal\/wp-json\/wp\/v2\/comments?post=242313"}],"version-history":[{"count":1,"href":"https:\/\/rnoticias.com.mx\/Portal\/wp-json\/wp\/v2\/posts\/242313\/revisions"}],"predecessor-version":[{"id":242315,"href":"https:\/\/rnoticias.com.mx\/Portal\/wp-json\/wp\/v2\/posts\/242313\/revisions\/242315"}],"wp:featuredmedia":[{"embeddable":true,"href":"https:\/\/rnoticias.com.mx\/Portal\/wp-json\/wp\/v2\/media\/242314"}],"wp:attachment":[{"href":"https:\/\/rnoticias.com.mx\/Portal\/wp-json\/wp\/v2\/media?parent=242313"}],"wp:term":[{"taxonomy":"category","embeddable":true,"href":"https:\/\/rnoticias.com.mx\/Portal\/wp-json\/wp\/v2\/categories?post=242313"},{"taxonomy":"post_tag","embeddable":true,"href":"https:\/\/rnoticias.com.mx\/Portal\/wp-json\/wp\/v2\/tags?post=242313"}],"curies":[{"name":"wp","href":"https:\/\/api.w.org\/{rel}","templated":true}]}}