{"id":242307,"date":"2026-01-23T18:36:59","date_gmt":"2026-01-24T01:36:59","guid":{"rendered":"https:\/\/rnoticias.com.mx\/Portal\/?p=242307"},"modified":"2026-01-23T18:36:59","modified_gmt":"2026-01-24T01:36:59","slug":"mexico-activa-plan-por-tormenta-invernal-en-ee-uu-ante-riesgos-en-suministro-de-gas","status":"publish","type":"post","link":"https:\/\/rnoticias.com.mx\/Portal\/2026\/01\/23\/mexico-activa-plan-por-tormenta-invernal-en-ee-uu-ante-riesgos-en-suministro-de-gas\/","title":{"rendered":"M\u00e9xico activa plan por tormenta invernal en EE.UU. ante riesgos en suministro de gas"},"content":{"rendered":"<p>Las\u00a0<strong>autoridades mexicanas<\/strong>\u00a0anunciaron este viernes la implementaci\u00f3n de medidas estrat\u00e9gicas ante la llegada de un\u00a0<strong>tormenta invernal<\/strong>\u00a0que podr\u00eda tener un impacto severo por\u00a0<strong>bajas temperaturas<\/strong>\u00a0en el sur Estados Unidos y el\u00a0<strong>norte de M\u00e9xico<\/strong>, ante el potencial impacto en el suministro y el precio del\u00a0<strong>gas natural<\/strong>.<\/p>\n<p>En un comunicado conjunto de la\u00a0<strong>Secretar\u00eda de Energ\u00eda<\/strong>\u00a0(Sener) y la\u00a0<strong>Comisi\u00f3n Federal de Electricidad<\/strong>\u00a0(CFE) se\u00f1alaron que las medidas son de car\u00e1cter preventivo para \u201cevitar afectaciones\u201d en el suministro el\u00e9ctrico y minimizar el riesgo operativo asociado a posibles interrupciones en las entregas de gas natural y a una alta volatilidad de precios internacionales.<\/p>\n<p>La empresa estatal CFE precis\u00f3 que cuenta con poco m\u00e1s de 28.000 megavatios (MW) de capacidad disponible que no requiere gas natural, mediante tecnolog\u00edas como termoel\u00e9ctrica convencional, carboel\u00e9ctrica y energ\u00edas limpias, que, seg\u00fan la nota, son suficientes para mantener el suministro de\u00a0<strong>energ\u00eda el\u00e9ctrica<\/strong>\u00a0en el pa\u00eds.<\/p>\n<p>Adem\u00e1s, report\u00f3 que dispone de dos terminales de regasificaci\u00f3n de gas natural licuado (GNL) con capacidad de abastecer hasta 350.000 metros c\u00fabicos al interior del pa\u00eds.<\/p>\n<p>Por su parte, la presidenta\u00a0<strong>Claudia Sheinbaum<\/strong>\u00a0se\u00f1al\u00f3 en su conferencia de prensa que, ante el anuncio del frente invernal, la CFE ha venido tomando medidas de contingencia, al recordar el impacto que tuvo una tormenta invernal en\u00a0<strong>Texas<\/strong>\u00a0en febrero de 2021 en todo el pa\u00eds, pero en especial en la franja fronteriza del norte.<\/p>\n","protected":false},"excerpt":{"rendered":"<p>Las\u00a0autoridades mexicanas\u00a0anunciaron este viernes la implementaci\u00f3n de medidas estrat\u00e9gicas ante la llegada de un\u00a0tormenta invernal\u00a0que podr\u00eda tener un impacto severo por\u00a0bajas temperaturas\u00a0en el sur Estados Unidos y el\u00a0norte de M\u00e9xico, ante el potencial impacto en el suministro y el precio del\u00a0gas natural. En un comunicado conjunto de la\u00a0Secretar\u00eda de Energ\u00eda\u00a0(Sener) y la\u00a0Comisi\u00f3n Federal de Electricidad\u00a0(CFE) [&hellip;]<\/p>\n","protected":false},"author":2,"featured_media":242308,"comment_status":"closed","ping_status":"closed","sticky":false,"template":"","format":"standard","meta":{"footnotes":""},"categories":[12870,172],"tags":[12865,12874],"class_list":["post-242307","post","type-post","status-publish","format-standard","has-post-thumbnail","hentry","category-destacadas","category-nacional","tag-destacadas","tag-nacional"],"jetpack_featured_media_url":"https:\/\/rnoticias.com.mx\/Portal\/wp-content\/uploads\/2026\/01\/00001505804257-U20293859909kCB-366x256@diario_abc.webp","amp_enabled":true,"_links":{"self":[{"href":"https:\/\/rnoticias.com.mx\/Portal\/wp-json\/wp\/v2\/posts\/242307","targetHints":{"allow":["GET"]}}],"collection":[{"href":"https:\/\/rnoticias.com.mx\/Portal\/wp-json\/wp\/v2\/posts"}],"about":[{"href":"https:\/\/rnoticias.com.mx\/Portal\/wp-json\/wp\/v2\/types\/post"}],"author":[{"embeddable":true,"href":"https:\/\/rnoticias.com.mx\/Portal\/wp-json\/wp\/v2\/users\/2"}],"replies":[{"embeddable":true,"href":"https:\/\/rnoticias.com.mx\/Portal\/wp-json\/wp\/v2\/comments?post=242307"}],"version-history":[{"count":1,"href":"https:\/\/rnoticias.com.mx\/Portal\/wp-json\/wp\/v2\/posts\/242307\/revisions"}],"predecessor-version":[{"id":242309,"href":"https:\/\/rnoticias.com.mx\/Portal\/wp-json\/wp\/v2\/posts\/242307\/revisions\/242309"}],"wp:featuredmedia":[{"embeddable":true,"href":"https:\/\/rnoticias.com.mx\/Portal\/wp-json\/wp\/v2\/media\/242308"}],"wp:attachment":[{"href":"https:\/\/rnoticias.com.mx\/Portal\/wp-json\/wp\/v2\/media?parent=242307"}],"wp:term":[{"taxonomy":"category","embeddable":true,"href":"https:\/\/rnoticias.com.mx\/Portal\/wp-json\/wp\/v2\/categories?post=242307"},{"taxonomy":"post_tag","embeddable":true,"href":"https:\/\/rnoticias.com.mx\/Portal\/wp-json\/wp\/v2\/tags?post=242307"}],"curies":[{"name":"wp","href":"https:\/\/api.w.org\/{rel}","templated":true}]}}