{"id":242304,"date":"2026-01-23T18:35:21","date_gmt":"2026-01-24T01:35:21","guid":{"rendered":"https:\/\/rnoticias.com.mx\/Portal\/?p=242304"},"modified":"2026-01-23T18:35:21","modified_gmt":"2026-01-24T01:35:21","slug":"hallan-sin-vida-a-pareja-de-interpretes-de-lenguaje-de-senas-en-michoacan","status":"publish","type":"post","link":"https:\/\/rnoticias.com.mx\/Portal\/2026\/01\/23\/hallan-sin-vida-a-pareja-de-interpretes-de-lenguaje-de-senas-en-michoacan\/","title":{"rendered":"Hallan sin vida a pareja de int\u00e9rpretes de lenguaje de se\u00f1as en Michoac\u00e1n"},"content":{"rendered":"<div>\n<div class=\"post-details\">\n<p data-start=\"257\" data-end=\"506\">La\u00a0<strong data-start=\"260\" data-end=\"304\">Fiscal\u00eda General del Estado de Michoac\u00e1n<\/strong>\u00a0confirm\u00f3 el\u00a0<strong data-start=\"317\" data-end=\"411\">asesinato de una pareja de int\u00e9rpretes de Lengua de Se\u00f1as Mexicana y su hija menor de edad<\/strong>, quienes hab\u00edan sido reportados como desaparecidos desde el pasado\u00a0<strong data-start=\"479\" data-end=\"505\">14 de enero en Morelia<\/strong>.<\/p>\n<\/div>\n<\/div>\n<div>\n<div class=\"post-details\">\n<p data-start=\"508\" data-end=\"746\">De acuerdo con la autoridad estatal, los cuerpos de las v\u00edctimas fueron\u00a0<strong data-start=\"580\" data-end=\"652\">localizados calcinados sobre la autopista M\u00e9xico\u2013Morelia\u2013Guadalajara<\/strong>, a la altura del municipio de\u00a0<strong data-start=\"683\" data-end=\"698\">Zinap\u00e9cuaro<\/strong>, a unos 60 kil\u00f3metros de la capital michoacana.<\/p>\n<\/div>\n<\/div>\n<div>\n<div class=\"post-details\">\n<p data-start=\"748\" data-end=\"1061\">Las v\u00edctimas fueron identificadas como\u00a0<strong data-start=\"787\" data-end=\"860\">V\u00edctor Manuel M., Anayeli H. y su hija adolescente, de iniciales M. E.<\/strong>, quienes eran ampliamente reconocidos por su labor como int\u00e9rpretes de lengua de se\u00f1as en\u00a0<strong data-start=\"951\" data-end=\"977\">instituciones p\u00fablicas<\/strong>, particularmente en el\u00a0<strong data-start=\"1001\" data-end=\"1024\">Congreso del Estado<\/strong> y dependencias del gobierno estatal.<\/p>\n<\/div>\n<\/div>\n<div>\n<div class=\"post-details\">\n<p data-start=\"748\" data-end=\"1061\">\n<h3 data-start=\"1063\" data-end=\"1107\"><strong>Reportados como desaparecidos en Morelia<\/strong><\/h3>\n<\/div>\n<\/div>\n<div>\n<div class=\"post-details\">\n<p data-start=\"1109\" data-end=\"1349\">La familia fue vista por \u00faltima vez en la colonia\u00a0<strong data-start=\"1159\" data-end=\"1183\">Ex H<\/strong><strong data-start=\"1159\" data-end=\"1183\">acienda La Huerta<\/strong>, al sur de Morelia. Tras perder contacto con ellos, familiares presentaron la\u00a0<strong data-start=\"1262\" data-end=\"1306\">denuncia por desaparici\u00f3n el 15 de enero<\/strong>, lo que activ\u00f3 los protocolos de b\u00fasqueda.<\/p>\n<\/div>\n<\/div>\n<div>\n<div class=\"post-details\">\n<p data-start=\"1351\" data-end=\"1612\">D\u00edas despu\u00e9s, el\u00a0<strong data-start=\"1368\" data-end=\"1383\">17 de enero<\/strong>, autoridades localizaron tres cuerpos calcinados en la localidad de\u00a0<strong data-start=\"1452\" data-end=\"1462\">Ucareo<\/strong>, municipio de Zinap\u00e9cuaro. Debido al avanzado estado de los restos, fueron trasladados al\u00a0<strong data-start=\"1553\" data-end=\"1580\">Servicio M\u00e9dico Forense<\/strong>\u00a0en calidad de no identificados.<\/p>\n<\/div>\n<\/div>\n<div>\n<div class=\"post-details\">\n<p>&nbsp;<\/p>\n<\/div>\n<\/div>\n<div>\n<div class=\"post-details\">\n<h3 data-start=\"1614\" data-end=\"1667\"><strong>Estudios forenses confirman identidad y homicidio<\/strong><\/h3>\n<p>&nbsp;<\/p>\n<\/div>\n<\/div>\n<div>\n<div class=\"post-details\">\n<p data-start=\"1669\" data-end=\"2019\">Tras realizar\u00a0<strong data-start=\"1683\" data-end=\"1720\">an\u00e1lisis periciales y cient\u00edficos<\/strong>, la Fiscal\u00eda confirm\u00f3 que los restos corresponden a la familia desaparecida y que se trat\u00f3 de un\u00a0<strong data-start=\"1818\" data-end=\"1840\">homicidio m\u00faltiple<\/strong>. Los cuerpos presentaban\u00a0<strong data-start=\"1866\" data-end=\"1914\">signos de violencia previos a la calcinaci\u00f3n<\/strong>, aunque hasta el momento no se han revelado detalles sobre la mec\u00e1nica del crimen ni personas detenidas.<\/p>\n<\/div>\n<\/div>\n<div>\n<div class=\"post-details\">\n<h3 data-start=\"2021\" data-end=\"2074\"><strong>Reconocidos por su labor en favor de la inclusi\u00f3n<\/strong><\/h3>\n<\/div>\n<\/div>\n<div>\n<div class=\"post-details\">\n<p data-start=\"2076\" data-end=\"2406\">V\u00edctor Manuel y Anayeli eran conocidos por su trabajo en favor de la\u00a0<strong data-start=\"2144\" data-end=\"2195\">inclusi\u00f3n de personas con discapacidad auditiva<\/strong>, participando como int\u00e9rpretes en eventos oficiales y sesiones legislativas. Tambi\u00e9n colaboraron con el equipo del\u00a0<strong data-start=\"2311\" data-end=\"2339\">exdiputado V\u00edctor Zurita<\/strong>, primer legislador sordo en la historia del Congreso de Michoac\u00e1n.<\/p>\n<\/div>\n<\/div>\n<div>\n<div class=\"post-details\">\n<h3 data-start=\"2408\" data-end=\"2434\"><strong>Investigaci\u00f3n contin\u00faa<\/strong><\/h3>\n<\/div>\n<\/div>\n<div>\n<div class=\"post-details\">\n<p data-start=\"2436\" data-end=\"2622\">La Fiscal\u00eda estatal inform\u00f3 que la\u00a0<strong data-start=\"2471\" data-end=\"2517\">carpeta de investigaci\u00f3n permanece abierta<\/strong>\u00a0y que se contin\u00faan realizando actos ministeriales para esclarecer los hechos y fincar responsabilidades.<\/p>\n<\/div>\n<\/div>\n<div>\n<div class=\"post-details\">\n<p data-start=\"2624\" data-end=\"2889\">El\u00a0<strong data-start=\"2627\" data-end=\"2674\">triple homicidio ha provocado consternaci\u00f3n<\/strong>\u00a0entre colectivos, organizaciones civiles y ciudadanos, quienes exigen\u00a0<strong data-start=\"2745\" data-end=\"2795\">justicia y el esclarecimiento total del crimen<\/strong>\u00a0que arrebat\u00f3 la vida a una familia dedicada a la inclusi\u00f3n y defensa de los derechos humanos.<\/p>\n<\/div>\n<\/div>\n","protected":false},"excerpt":{"rendered":"<p>La\u00a0Fiscal\u00eda General del Estado de Michoac\u00e1n\u00a0confirm\u00f3 el\u00a0asesinato de una pareja de int\u00e9rpretes de Lengua de Se\u00f1as Mexicana y su hija menor de edad, quienes hab\u00edan sido reportados como desaparecidos desde el pasado\u00a014 de enero en Morelia. De acuerdo con la autoridad estatal, los cuerpos de las v\u00edctimas fueron\u00a0localizados calcinados sobre la autopista M\u00e9xico\u2013Morelia\u2013Guadalajara, a la [&hellip;]<\/p>\n","protected":false},"author":2,"featured_media":242305,"comment_status":"closed","ping_status":"closed","sticky":false,"template":"","format":"standard","meta":{"footnotes":""},"categories":[12870,172],"tags":[12865,12874],"class_list":["post-242304","post","type-post","status-publish","format-standard","has-post-thumbnail","hentry","category-destacadas","category-nacional","tag-destacadas","tag-nacional"],"jetpack_featured_media_url":"https:\/\/rnoticias.com.mx\/Portal\/wp-content\/uploads\/2026\/01\/foto-gortega-14.jpg","amp_enabled":true,"_links":{"self":[{"href":"https:\/\/rnoticias.com.mx\/Portal\/wp-json\/wp\/v2\/posts\/242304","targetHints":{"allow":["GET"]}}],"collection":[{"href":"https:\/\/rnoticias.com.mx\/Portal\/wp-json\/wp\/v2\/posts"}],"about":[{"href":"https:\/\/rnoticias.com.mx\/Portal\/wp-json\/wp\/v2\/types\/post"}],"author":[{"embeddable":true,"href":"https:\/\/rnoticias.com.mx\/Portal\/wp-json\/wp\/v2\/users\/2"}],"replies":[{"embeddable":true,"href":"https:\/\/rnoticias.com.mx\/Portal\/wp-json\/wp\/v2\/comments?post=242304"}],"version-history":[{"count":1,"href":"https:\/\/rnoticias.com.mx\/Portal\/wp-json\/wp\/v2\/posts\/242304\/revisions"}],"predecessor-version":[{"id":242306,"href":"https:\/\/rnoticias.com.mx\/Portal\/wp-json\/wp\/v2\/posts\/242304\/revisions\/242306"}],"wp:featuredmedia":[{"embeddable":true,"href":"https:\/\/rnoticias.com.mx\/Portal\/wp-json\/wp\/v2\/media\/242305"}],"wp:attachment":[{"href":"https:\/\/rnoticias.com.mx\/Portal\/wp-json\/wp\/v2\/media?parent=242304"}],"wp:term":[{"taxonomy":"category","embeddable":true,"href":"https:\/\/rnoticias.com.mx\/Portal\/wp-json\/wp\/v2\/categories?post=242304"},{"taxonomy":"post_tag","embeddable":true,"href":"https:\/\/rnoticias.com.mx\/Portal\/wp-json\/wp\/v2\/tags?post=242304"}],"curies":[{"name":"wp","href":"https:\/\/api.w.org\/{rel}","templated":true}]}}