{"id":242246,"date":"2026-01-23T12:30:43","date_gmt":"2026-01-23T19:30:43","guid":{"rendered":"https:\/\/rnoticias.com.mx\/Portal\/?p=242246"},"modified":"2026-01-23T12:30:43","modified_gmt":"2026-01-23T19:30:43","slug":"el-congreso-de-sonora-designa-a-nuevo-presidente-municipal-de-bacum","status":"publish","type":"post","link":"https:\/\/rnoticias.com.mx\/Portal\/2026\/01\/23\/el-congreso-de-sonora-designa-a-nuevo-presidente-municipal-de-bacum\/","title":{"rendered":"El Congreso de Sonora designa a nuevo presidente municipal de B\u00e1cum"},"content":{"rendered":"<p>Hermosillo, Sonora; 23 de enero de 2026.- En sesi\u00f3n extraordinaria, el Pleno del Congreso del Estado de Sonora resolvi\u00f3 revocar el mandato al presidente municipal del Ayuntamiento de B\u00e1cum, ciudadano Serge Enr\u00edquez Tolano, debido a su fallecimiento, y design\u00f3 al ciudadano Juan de Dios Jocobi Cuevas para ejercer sus funciones.<\/p>\n<p>Correspondi\u00f3 a la diputada Azalia Guevara Espinoza (PVEM) dar lectura a la iniciativa de decreto mediante el cual se configur\u00f3 la incapacidad f\u00edsica legal y permanente de Enr\u00edquez Tolano, conforme a lo dispuesto en la Ley de Gobierno y Administraci\u00f3n Municipal.<\/p>\n<p>En consecuencia, el Poder Legislativo design\u00f3 al ciudadano Juan de Dios Jocobi Cuevas para que ejerza las funciones de presidente municipal del Ayuntamiento de B\u00e1cum, por el resto del periodo constitucional 2024-2027.<\/p>\n<p>El decreto dispone que Jocobi Cuevas rinda la protesta de ley como presidente municipal del Ayuntamiento de B\u00e1cum, y al ciudadano Jos\u00e9 Carlos L\u00f3pez Ayala al cargo de regidor propietario. Dichos actos ser\u00e1n presididos por la diputada Mar\u00eda Eduwiges Espinoza Tapia (Morena), en representaci\u00f3n del Congreso del Estado.<\/p>\n<p>Con oportunidad se publicar\u00e1 en la Gaceta Parlamentaria el aviso para la celebraci\u00f3n de una pr\u00f3xima sesi\u00f3n ordinaria de la Diputaci\u00f3n Permanente.<\/p>\n","protected":false},"excerpt":{"rendered":"<p>Hermosillo, Sonora; 23 de enero de 2026.- En sesi\u00f3n extraordinaria, el Pleno del Congreso del Estado de Sonora resolvi\u00f3 revocar el mandato al presidente municipal del Ayuntamiento de B\u00e1cum, ciudadano Serge Enr\u00edquez Tolano, debido a su fallecimiento, y design\u00f3 al ciudadano Juan de Dios Jocobi Cuevas para ejercer sus funciones. Correspondi\u00f3 a la diputada Azalia [&hellip;]<\/p>\n","protected":false},"author":2,"featured_media":242247,"comment_status":"closed","ping_status":"closed","sticky":false,"template":"","format":"standard","meta":{"footnotes":""},"categories":[12870,12868],"tags":[12865,12879],"class_list":["post-242246","post","type-post","status-publish","format-standard","has-post-thumbnail","hentry","category-destacadas","category-politica","tag-destacadas","tag-politica"],"jetpack_featured_media_url":"https:\/\/rnoticias.com.mx\/Portal\/wp-content\/uploads\/2026\/01\/298.jpg","amp_enabled":true,"_links":{"self":[{"href":"https:\/\/rnoticias.com.mx\/Portal\/wp-json\/wp\/v2\/posts\/242246","targetHints":{"allow":["GET"]}}],"collection":[{"href":"https:\/\/rnoticias.com.mx\/Portal\/wp-json\/wp\/v2\/posts"}],"about":[{"href":"https:\/\/rnoticias.com.mx\/Portal\/wp-json\/wp\/v2\/types\/post"}],"author":[{"embeddable":true,"href":"https:\/\/rnoticias.com.mx\/Portal\/wp-json\/wp\/v2\/users\/2"}],"replies":[{"embeddable":true,"href":"https:\/\/rnoticias.com.mx\/Portal\/wp-json\/wp\/v2\/comments?post=242246"}],"version-history":[{"count":1,"href":"https:\/\/rnoticias.com.mx\/Portal\/wp-json\/wp\/v2\/posts\/242246\/revisions"}],"predecessor-version":[{"id":242248,"href":"https:\/\/rnoticias.com.mx\/Portal\/wp-json\/wp\/v2\/posts\/242246\/revisions\/242248"}],"wp:featuredmedia":[{"embeddable":true,"href":"https:\/\/rnoticias.com.mx\/Portal\/wp-json\/wp\/v2\/media\/242247"}],"wp:attachment":[{"href":"https:\/\/rnoticias.com.mx\/Portal\/wp-json\/wp\/v2\/media?parent=242246"}],"wp:term":[{"taxonomy":"category","embeddable":true,"href":"https:\/\/rnoticias.com.mx\/Portal\/wp-json\/wp\/v2\/categories?post=242246"},{"taxonomy":"post_tag","embeddable":true,"href":"https:\/\/rnoticias.com.mx\/Portal\/wp-json\/wp\/v2\/tags?post=242246"}],"curies":[{"name":"wp","href":"https:\/\/api.w.org\/{rel}","templated":true}]}}