{"id":242243,"date":"2026-01-23T12:29:27","date_gmt":"2026-01-23T19:29:27","guid":{"rendered":"https:\/\/rnoticias.com.mx\/Portal\/?p=242243"},"modified":"2026-01-23T12:29:27","modified_gmt":"2026-01-23T19:29:27","slug":"regresaran-a-la-normalidad-calles-aledanas-al-paso-a-desnivel-de-colosio-y-solidaridad-a-partir-del-proximo-lunes","status":"publish","type":"post","link":"https:\/\/rnoticias.com.mx\/Portal\/2026\/01\/23\/regresaran-a-la-normalidad-calles-aledanas-al-paso-a-desnivel-de-colosio-y-solidaridad-a-partir-del-proximo-lunes\/","title":{"rendered":"Regresar\u00e1n a la normalidad calles aleda\u00f1as al paso a desnivel de Colosio y Solidaridad a partir del pr\u00f3ximo lunes"},"content":{"rendered":"<p>Hermosillo, Sonora, 23 de enero de 2026.- A partir de la noche del pr\u00f3ximo domingo 25 de enero de manera gradual volver\u00e1n a la normalidad las vialidades aleda\u00f1as a la obra del paso a desnivel de Colosio y Solidaridad, luego de la inauguraci\u00f3n oficial del proyecto.<\/p>\n<p>Astart\u00e9 Corro Ruiz, directora general de Desarrollo de Infraestructura, precis\u00f3 que las vialidades son bulevar Las Quintas, en el tramo comprendido entre Solidaridad y Quinta Mayor; Jos\u00e9 Obreg\u00f3n, entre Colosio y Navarrete; Real del Arco, entre Solidaridad y Colosio; donde habr\u00e1 apoyo de personal de tr\u00e1nsito para los automovilistas a partir de la primera semana.<\/p>\n<p>Record\u00f3 que el sentido en estas vialidades fue modificado para dar fluidez al tr\u00e1fico durante el proceso de la obra y volver\u00e1n a la normalidad una vez que se abra el paso a desnivel de Colosio y Solidaridad.<\/p>\n<p>La inauguraci\u00f3n del paso a desnivel se llevar\u00e1 a cabo este domingo 25 de enero a las 17:00 horas, por lo que se exhorta a las y los automovilistas a atender las indicaciones del personal de tr\u00e1nsito y la se\u00f1alizaci\u00f3n instalada en la zona durante el proceso de apertura gradual.<\/p>\n<p>El Gobierno Municipal invita a la ciudadan\u00eda a mantenerse informada a trav\u00e9s de las redes sociales oficiales @HermosilloGob en X e Instagram, as\u00ed como Gobierno de Hermosillo en Facebook.<\/p>\n","protected":false},"excerpt":{"rendered":"<p>Hermosillo, Sonora, 23 de enero de 2026.- A partir de la noche del pr\u00f3ximo domingo 25 de enero de manera gradual volver\u00e1n a la normalidad las vialidades aleda\u00f1as a la obra del paso a desnivel de Colosio y Solidaridad, luego de la inauguraci\u00f3n oficial del proyecto. Astart\u00e9 Corro Ruiz, directora general de Desarrollo de Infraestructura, [&hellip;]<\/p>\n","protected":false},"author":2,"featured_media":242244,"comment_status":"closed","ping_status":"closed","sticky":false,"template":"","format":"standard","meta":{"footnotes":""},"categories":[12870,178],"tags":[12865,12869],"class_list":["post-242243","post","type-post","status-publish","format-standard","has-post-thumbnail","hentry","category-destacadas","category-local","tag-destacadas","tag-local"],"jetpack_featured_media_url":"https:\/\/rnoticias.com.mx\/Portal\/wp-content\/uploads\/2026\/01\/29-4.jpg","amp_enabled":true,"_links":{"self":[{"href":"https:\/\/rnoticias.com.mx\/Portal\/wp-json\/wp\/v2\/posts\/242243","targetHints":{"allow":["GET"]}}],"collection":[{"href":"https:\/\/rnoticias.com.mx\/Portal\/wp-json\/wp\/v2\/posts"}],"about":[{"href":"https:\/\/rnoticias.com.mx\/Portal\/wp-json\/wp\/v2\/types\/post"}],"author":[{"embeddable":true,"href":"https:\/\/rnoticias.com.mx\/Portal\/wp-json\/wp\/v2\/users\/2"}],"replies":[{"embeddable":true,"href":"https:\/\/rnoticias.com.mx\/Portal\/wp-json\/wp\/v2\/comments?post=242243"}],"version-history":[{"count":1,"href":"https:\/\/rnoticias.com.mx\/Portal\/wp-json\/wp\/v2\/posts\/242243\/revisions"}],"predecessor-version":[{"id":242245,"href":"https:\/\/rnoticias.com.mx\/Portal\/wp-json\/wp\/v2\/posts\/242243\/revisions\/242245"}],"wp:featuredmedia":[{"embeddable":true,"href":"https:\/\/rnoticias.com.mx\/Portal\/wp-json\/wp\/v2\/media\/242244"}],"wp:attachment":[{"href":"https:\/\/rnoticias.com.mx\/Portal\/wp-json\/wp\/v2\/media?parent=242243"}],"wp:term":[{"taxonomy":"category","embeddable":true,"href":"https:\/\/rnoticias.com.mx\/Portal\/wp-json\/wp\/v2\/categories?post=242243"},{"taxonomy":"post_tag","embeddable":true,"href":"https:\/\/rnoticias.com.mx\/Portal\/wp-json\/wp\/v2\/tags?post=242243"}],"curies":[{"name":"wp","href":"https:\/\/api.w.org\/{rel}","templated":true}]}}