{"id":242221,"date":"2026-01-22T21:47:26","date_gmt":"2026-01-23T04:47:26","guid":{"rendered":"https:\/\/rnoticias.com.mx\/Portal\/?p=242221"},"modified":"2026-01-22T21:47:26","modified_gmt":"2026-01-23T04:47:26","slug":"aprueba-ine-catalogo-de-21-estaciones-de-radio-y-television-para-la-eleccion-extraordinaria-de-tamiahua-veracruz","status":"publish","type":"post","link":"https:\/\/rnoticias.com.mx\/Portal\/2026\/01\/22\/aprueba-ine-catalogo-de-21-estaciones-de-radio-y-television-para-la-eleccion-extraordinaria-de-tamiahua-veracruz\/","title":{"rendered":"Aprueba INE cat\u00e1logo de 21 estaciones de radio y televisi\u00f3n para la elecci\u00f3n extraordinaria de Tamiahua, Veracruz"},"content":{"rendered":"<p class=\"x_MsoNormal\"><span data-olk-copy-source=\"MessageBody\">El Consejo General del Instituto Nacional Electoral (INE) aprob\u00f3 un cat\u00e1logo de 21 estaciones de radio y de canales de televisi\u00f3n, que participar\u00e1n en la cobertura del proceso electoral extraordinario de las personas integrantes del municipio de Tamiahua, Veracruz, a realizarse el pr\u00f3ximo 29 de marzo.<\/span><\/p>\n<p class=\"x_MsoNormal\">\n<p class=\"x_MsoNormal\">En sesi\u00f3n extraordinaria, el m\u00e1ximo \u00f3rgano de direcci\u00f3n del Instituto aprob\u00f3 las pautas de acceso a 20 estaciones de radio y 1 canal de televisi\u00f3n para la distribuci\u00f3n de mensajes de los partidos pol\u00edticos, candidaturas independientes y autoridades electorales durante los per\u00edodos de precampa\u00f1a, intercampa\u00f1a, campa\u00f1a, per\u00edodo de reflexi\u00f3n y Jornada Electoral.<\/p>\n<p class=\"x_MsoNormal\">\n<p class=\"x_MsoNormal\">El acuerdo aprobado establece que durante este proceso electoral extraordinario se destinar\u00e1n 48 minutos diarios distribuidos entre el Instituto Nacional Electoral, autoridades electorales federales y locales, partidos pol\u00edticos y, en su caso, candidaturas independientes.<\/p>\n<p class=\"x_MsoNormal\">\n<p class=\"x_MsoNormal\">Por otra parte, el Consejo General aprob\u00f3 tambi\u00e9n las respuestas a consultas realizadas por la asociaci\u00f3n civil \u201cPersonas Sumando en 2025, A.C.\u201d, que requiri\u00f3 informaci\u00f3n sobre el procedimiento de celebraci\u00f3n, desarrollo, conducci\u00f3n, votaci\u00f3n, acuerdos y elementos m\u00ednimos obligatorios de la Asamblea Nacional Constitutiva que, en su caso, deber\u00e1 llevar a cabo para constituirse como partido pol\u00edtico nacional.<\/p>\n<p class=\"x_MsoNormal\">\n<p class=\"x_MsoNormal\">Finalmente, en una supuesta trasgresi\u00f3n a la normativa electoral, atribuible al partido pol\u00edtico Morena, consistente en la presunta afiliaci\u00f3n indebida de tres personas, el Consejo General aprob\u00f3 imponerle una sanci\u00f3n econ\u00f3mica al instituto pol\u00edtico, por acreditarse en el caso de una persona, mientras que, respecto de los otros dos denunciantes, una ciudadana y un ciudadano, la fuerza partidista aport\u00f3 las c\u00e9dulas de afiliaci\u00f3n respectivas.<\/p>\n","protected":false},"excerpt":{"rendered":"<p>El Consejo General del Instituto Nacional Electoral (INE) aprob\u00f3 un cat\u00e1logo de 21 estaciones de radio y de canales de televisi\u00f3n, que participar\u00e1n en la cobertura del proceso electoral extraordinario de las personas integrantes del municipio de Tamiahua, Veracruz, a realizarse el pr\u00f3ximo 29 de marzo. En sesi\u00f3n extraordinaria, el m\u00e1ximo \u00f3rgano de direcci\u00f3n del [&hellip;]<\/p>\n","protected":false},"author":2,"featured_media":242222,"comment_status":"closed","ping_status":"closed","sticky":false,"template":"","format":"standard","meta":{"footnotes":""},"categories":[12868],"tags":[12879],"class_list":["post-242221","post","type-post","status-publish","format-standard","has-post-thumbnail","hentry","category-politica","tag-politica"],"jetpack_featured_media_url":"https:\/\/rnoticias.com.mx\/Portal\/wp-content\/uploads\/2026\/01\/WhatsApp-Image-2026-01-22-at-11.58.28-AM.jpeg","amp_enabled":true,"_links":{"self":[{"href":"https:\/\/rnoticias.com.mx\/Portal\/wp-json\/wp\/v2\/posts\/242221","targetHints":{"allow":["GET"]}}],"collection":[{"href":"https:\/\/rnoticias.com.mx\/Portal\/wp-json\/wp\/v2\/posts"}],"about":[{"href":"https:\/\/rnoticias.com.mx\/Portal\/wp-json\/wp\/v2\/types\/post"}],"author":[{"embeddable":true,"href":"https:\/\/rnoticias.com.mx\/Portal\/wp-json\/wp\/v2\/users\/2"}],"replies":[{"embeddable":true,"href":"https:\/\/rnoticias.com.mx\/Portal\/wp-json\/wp\/v2\/comments?post=242221"}],"version-history":[{"count":1,"href":"https:\/\/rnoticias.com.mx\/Portal\/wp-json\/wp\/v2\/posts\/242221\/revisions"}],"predecessor-version":[{"id":242223,"href":"https:\/\/rnoticias.com.mx\/Portal\/wp-json\/wp\/v2\/posts\/242221\/revisions\/242223"}],"wp:featuredmedia":[{"embeddable":true,"href":"https:\/\/rnoticias.com.mx\/Portal\/wp-json\/wp\/v2\/media\/242222"}],"wp:attachment":[{"href":"https:\/\/rnoticias.com.mx\/Portal\/wp-json\/wp\/v2\/media?parent=242221"}],"wp:term":[{"taxonomy":"category","embeddable":true,"href":"https:\/\/rnoticias.com.mx\/Portal\/wp-json\/wp\/v2\/categories?post=242221"},{"taxonomy":"post_tag","embeddable":true,"href":"https:\/\/rnoticias.com.mx\/Portal\/wp-json\/wp\/v2\/tags?post=242221"}],"curies":[{"name":"wp","href":"https:\/\/api.w.org\/{rel}","templated":true}]}}