{"id":242203,"date":"2026-01-22T20:59:31","date_gmt":"2026-01-23T03:59:31","guid":{"rendered":"https:\/\/rnoticias.com.mx\/Portal\/?p=242203"},"modified":"2026-01-22T20:59:31","modified_gmt":"2026-01-23T03:59:31","slug":"enciende-samuel-garcia-las-redes-sociales-con-nuevo-look","status":"publish","type":"post","link":"https:\/\/rnoticias.com.mx\/Portal\/2026\/01\/22\/enciende-samuel-garcia-las-redes-sociales-con-nuevo-look\/","title":{"rendered":"Enciende Samuel Garc\u00eda las redes sociales con \u201cnuevo look\u201d"},"content":{"rendered":"<p dir=\"ltr\">El mandatario estatal explic\u00f3 que el cambio surgi\u00f3 tras cumplir un a\u00f1o con la barba sin rasurar completamente, motivo por el cual agend\u00f3 una cita con su barbero de confianza, Fernando Reyes.<\/p>\n<p dir=\"ltr\">Previo a tomar una decisi\u00f3n, Garc\u00eda lanz\u00f3 una encuesta en sus historias de Instagram para conocer la opini\u00f3n de la comunidad sobre su imagen f\u00edsica.<\/p>\n<p dir=\"ltr\">\u201cHoy cumplimos un a\u00f1o con barba, como ven \u00bfno la quitamos o no la dejamos?\u201d, escribi\u00f3, recibiendo mayoritariamente respuestas a favor de conservarla.<\/p>\n<p dir=\"ltr\">Horas m\u00e1s tarde, Samuel Garc\u00eda sorprendi\u00f3 con una nueva publicaci\u00f3n en la que mostr\u00f3 una imagen de su rostro con el cabello notablemente m\u00e1s corto, lo que provoc\u00f3 nuevamente reacciones positivas y comentarios favorables sobre su supuesto nuevo look.<\/p>\n","protected":false},"excerpt":{"rendered":"<p>El mandatario estatal explic\u00f3 que el cambio surgi\u00f3 tras cumplir un a\u00f1o con la barba sin rasurar completamente, motivo por el cual agend\u00f3 una cita con su barbero de confianza, Fernando Reyes. Previo a tomar una decisi\u00f3n, Garc\u00eda lanz\u00f3 una encuesta en sus historias de Instagram para conocer la opini\u00f3n de la comunidad sobre su [&hellip;]<\/p>\n","protected":false},"author":2,"featured_media":242204,"comment_status":"closed","ping_status":"closed","sticky":false,"template":"","format":"standard","meta":{"footnotes":""},"categories":[12870,172],"tags":[12865,12874],"class_list":["post-242203","post","type-post","status-publish","format-standard","has-post-thumbnail","hentry","category-destacadas","category-nacional","tag-destacadas","tag-nacional"],"jetpack_featured_media_url":"https:\/\/rnoticias.com.mx\/Portal\/wp-content\/uploads\/2026\/01\/image-622.png","amp_enabled":true,"_links":{"self":[{"href":"https:\/\/rnoticias.com.mx\/Portal\/wp-json\/wp\/v2\/posts\/242203","targetHints":{"allow":["GET"]}}],"collection":[{"href":"https:\/\/rnoticias.com.mx\/Portal\/wp-json\/wp\/v2\/posts"}],"about":[{"href":"https:\/\/rnoticias.com.mx\/Portal\/wp-json\/wp\/v2\/types\/post"}],"author":[{"embeddable":true,"href":"https:\/\/rnoticias.com.mx\/Portal\/wp-json\/wp\/v2\/users\/2"}],"replies":[{"embeddable":true,"href":"https:\/\/rnoticias.com.mx\/Portal\/wp-json\/wp\/v2\/comments?post=242203"}],"version-history":[{"count":1,"href":"https:\/\/rnoticias.com.mx\/Portal\/wp-json\/wp\/v2\/posts\/242203\/revisions"}],"predecessor-version":[{"id":242205,"href":"https:\/\/rnoticias.com.mx\/Portal\/wp-json\/wp\/v2\/posts\/242203\/revisions\/242205"}],"wp:featuredmedia":[{"embeddable":true,"href":"https:\/\/rnoticias.com.mx\/Portal\/wp-json\/wp\/v2\/media\/242204"}],"wp:attachment":[{"href":"https:\/\/rnoticias.com.mx\/Portal\/wp-json\/wp\/v2\/media?parent=242203"}],"wp:term":[{"taxonomy":"category","embeddable":true,"href":"https:\/\/rnoticias.com.mx\/Portal\/wp-json\/wp\/v2\/categories?post=242203"},{"taxonomy":"post_tag","embeddable":true,"href":"https:\/\/rnoticias.com.mx\/Portal\/wp-json\/wp\/v2\/tags?post=242203"}],"curies":[{"name":"wp","href":"https:\/\/api.w.org\/{rel}","templated":true}]}}