{"id":242200,"date":"2026-01-22T20:55:17","date_gmt":"2026-01-23T03:55:17","guid":{"rendered":"https:\/\/rnoticias.com.mx\/Portal\/?p=242200"},"modified":"2026-01-22T20:55:17","modified_gmt":"2026-01-23T03:55:17","slug":"periodista-acusado-de-terrorismo-en-veracruz-obtiene-amparo-que-anula-la-acusacion","status":"publish","type":"post","link":"https:\/\/rnoticias.com.mx\/Portal\/2026\/01\/22\/periodista-acusado-de-terrorismo-en-veracruz-obtiene-amparo-que-anula-la-acusacion\/","title":{"rendered":"Periodista acusado de terrorismo en Veracruz obtiene amparo que anula la acusaci\u00f3n"},"content":{"rendered":"<p>El\u00a0periodista Rafael Le\u00f3n Segovia, &#8220;Lafita&#8221;, recuper\u00f3\u00a0<strong>su\u00a0libertad de tr\u00e1nsito\u00a0luego de que un\u00a0juez federal\u00a0dej\u00f3 sin efecto el\u00a0arraigo domiciliario, impuesto por el juez del fuero<\/strong>\u00a0com\u00fan\u00a0Jos\u00e9 Guadalupe Nucamendi Albores, que mantuvo durante 23 d\u00edas.<\/p>\n<p>Cuando su equipo jur\u00eddico le notific\u00f3\u00a0que hab\u00edan\u00a0ganado el amparo, sali\u00f3 de su casa y volvi\u00f3 a las calles de Coatzacoalcos a reportear.<\/p>\n<p>En entrevista reconoci\u00f3 que tiene<strong>\u00a0&#8220;miedo&#8221; al asegurar que la fiscal\u00eda lo\u00a0odia&#8221;<\/strong><\/p>\n<p><strong>&#8220;Gracias a Dios volv\u00ed a ser libre, tampoco me conf\u00edo porque los polic\u00edas acostumbran sembrar lo que sea para\u00a0fabricar delitos&#8221;.<\/strong><\/p>\n<p>Tras ser entrevistado por Latinus, el periodista especializado en temas\u00a0polic\u00edacos\u00a0reconoci\u00f3 que la\u00a0presidenta Claudia Sheinbaum<strong>\u00a0&#8220;ha sido muy atenta conmigo&#8221; a pesar de la indiferencia que tiene por su caso\u00a0Roc\u00edo Nahle, &#8220;ella ni en cuenta&#8221;.<\/strong><\/p>\n<p>El periodista acus\u00f3 que la exfiscal\u00a0Carla D\u00edaz Hermosilla\u00a0y el a\u00fan fiscal de\u00a0Distrito de la Unidad Integral de Coatzacoalcos,\u00a0Ludwin Francisco Cruz Marcial, junto con polic\u00edas ministeriales, hacen de la justicia un negocio,<strong>\u00a0&#8220;tienen un nido de poder&#8221;<\/strong>\u00a0y exigi\u00f3 a Sheinbaum investigarlos.<\/p>\n<p>&nbsp;<\/p>\n<p>Fuente: Latinus<\/p>\n","protected":false},"excerpt":{"rendered":"<p>El\u00a0periodista Rafael Le\u00f3n Segovia, &#8220;Lafita&#8221;, recuper\u00f3\u00a0su\u00a0libertad de tr\u00e1nsito\u00a0luego de que un\u00a0juez federal\u00a0dej\u00f3 sin efecto el\u00a0arraigo domiciliario, impuesto por el juez del fuero\u00a0com\u00fan\u00a0Jos\u00e9 Guadalupe Nucamendi Albores, que mantuvo durante 23 d\u00edas. Cuando su equipo jur\u00eddico le notific\u00f3\u00a0que hab\u00edan\u00a0ganado el amparo, sali\u00f3 de su casa y volvi\u00f3 a las calles de Coatzacoalcos a reportear. En entrevista reconoci\u00f3 [&hellip;]<\/p>\n","protected":false},"author":2,"featured_media":242201,"comment_status":"closed","ping_status":"closed","sticky":false,"template":"","format":"standard","meta":{"footnotes":""},"categories":[12870,172],"tags":[12865,12874],"class_list":["post-242200","post","type-post","status-publish","format-standard","has-post-thumbnail","hentry","category-destacadas","category-nacional","tag-destacadas","tag-nacional"],"jetpack_featured_media_url":"https:\/\/rnoticias.com.mx\/Portal\/wp-content\/uploads\/2026\/01\/f960x540-134135_208210_5050.webp","amp_enabled":true,"_links":{"self":[{"href":"https:\/\/rnoticias.com.mx\/Portal\/wp-json\/wp\/v2\/posts\/242200","targetHints":{"allow":["GET"]}}],"collection":[{"href":"https:\/\/rnoticias.com.mx\/Portal\/wp-json\/wp\/v2\/posts"}],"about":[{"href":"https:\/\/rnoticias.com.mx\/Portal\/wp-json\/wp\/v2\/types\/post"}],"author":[{"embeddable":true,"href":"https:\/\/rnoticias.com.mx\/Portal\/wp-json\/wp\/v2\/users\/2"}],"replies":[{"embeddable":true,"href":"https:\/\/rnoticias.com.mx\/Portal\/wp-json\/wp\/v2\/comments?post=242200"}],"version-history":[{"count":1,"href":"https:\/\/rnoticias.com.mx\/Portal\/wp-json\/wp\/v2\/posts\/242200\/revisions"}],"predecessor-version":[{"id":242202,"href":"https:\/\/rnoticias.com.mx\/Portal\/wp-json\/wp\/v2\/posts\/242200\/revisions\/242202"}],"wp:featuredmedia":[{"embeddable":true,"href":"https:\/\/rnoticias.com.mx\/Portal\/wp-json\/wp\/v2\/media\/242201"}],"wp:attachment":[{"href":"https:\/\/rnoticias.com.mx\/Portal\/wp-json\/wp\/v2\/media?parent=242200"}],"wp:term":[{"taxonomy":"category","embeddable":true,"href":"https:\/\/rnoticias.com.mx\/Portal\/wp-json\/wp\/v2\/categories?post=242200"},{"taxonomy":"post_tag","embeddable":true,"href":"https:\/\/rnoticias.com.mx\/Portal\/wp-json\/wp\/v2\/tags?post=242200"}],"curies":[{"name":"wp","href":"https:\/\/api.w.org\/{rel}","templated":true}]}}