{"id":242196,"date":"2026-01-22T20:50:00","date_gmt":"2026-01-23T03:50:00","guid":{"rendered":"https:\/\/rnoticias.com.mx\/Portal\/?p=242196"},"modified":"2026-01-22T20:50:24","modified_gmt":"2026-01-23T03:50:24","slug":"ya-es-este-domingo-25-la-carrera-tracktec-2026-en-beneficio-de-becas-complementarias-estudiantiles-en-tec-de-monterrey","status":"publish","type":"post","link":"https:\/\/rnoticias.com.mx\/Portal\/2026\/01\/22\/ya-es-este-domingo-25-la-carrera-tracktec-2026-en-beneficio-de-becas-complementarias-estudiantiles-en-tec-de-monterrey\/","title":{"rendered":"Ya es este domingo 25 la carrera TrackTEC 2026 en beneficio de becas complementarias estudiantiles en Tec de Monterrey\u00a0"},"content":{"rendered":"<p style=\"font-weight: 400;\"><em>Hermosillo, Sonora, a enero de 2026.- <\/em>Con el firme objetivo de ayudar transformar la vida de j\u00f3venes con talento a trav\u00e9s de la educaci\u00f3n, se present\u00f3 de manera oficial la edici\u00f3n 2026 de TrackTEC: Corre con Causa, que se llevar\u00e1 a cabo el pr\u00f3ximo domingo 25 de enero.<\/p>\n<p style=\"font-weight: 400;\">El evento deportivo, organizado EXATEC Sonorense y el Tecnol\u00f3gico de Monterrey, busca recaudar fondos para el programa de becas complementarias del campus Sonora Norte.<\/p>\n<p style=\"font-weight: 400;\">Durante la rueda de prensa celebrada en HighPoint International School, Carolina Castillo, presidenta de EXATEC Sonorense, destac\u00f3 que este evento no es solo una competencia atl\u00e9tica, sino un acto de solidaridad comunitaria.<\/p>\n<p style=\"font-weight: 400;\">\u201cTrackTEC es la oportunidad de que nuestra comunidad de egresados y la sociedad civil se unan para derribar barreras econ\u00f3micas. Lo recaudado se destinar\u00e1 a becas complementarias para que estudiantes que ya cuentan con un apoyo acad\u00e9mico no tengan que preocuparse por gastos adicionales como materiales, alojamiento o transporte, y puedan enfocarse al 100% en sus estudios\u201d, explic\u00f3 Castillo.<\/p>\n<p style=\"font-weight: 400;\">Por su parte, H\u00e9ctor Bonillas, director Atl\u00e9tico Deportivo del Tec de Monterrey campus Sonora Norte, brind\u00f3 los detalles t\u00e9cnicos de la competencia, subrayando que se trata de un evento inclusivo y familiar.<\/p>\n<p style=\"font-weight: 400;\">En la rueda de prensa participaron tambi\u00e9n Silvia Cruz, tesorera de EXATEC Sonorense y Alan Trejo, director de Trizon Timing.<\/p>\n<p style=\"font-weight: 400;\"><strong>Inscripciones y Premiaci\u00f3n<\/strong><\/p>\n<p style=\"font-weight: 400;\">El costo del donativo es de $350 MXN para el p\u00fablico general y $250 MXN para la categor\u00eda infantil. Los primeros 400 inscritos recibir\u00e1n un kit de corredor que incluye la camiseta oficial y medalla de participaci\u00f3n.<\/p>\n<p style=\"font-weight: 400;\">Las inscripciones est\u00e1n abiertas en la TecStore de Campus Sonora Norte, en HighPoint International School, y en l\u00ednea a trav\u00e9s de los sitios:<\/p>\n<p style=\"font-weight: 400;\"><a href=\"https:\/\/tec.rs\/tracktec2026\" data-saferedirecturl=\"https:\/\/www.google.com\/url?q=https:\/\/tec.rs\/tracktec2026&amp;source=gmail&amp;ust=1769141457151000&amp;usg=AOvVaw2P59_HDOPUZ40Y5dEUC6U0\">https:\/\/tec.rs\/tracktec2026<\/a><\/p>\n<p style=\"font-weight: 400;\"><a href=\"https:\/\/trizon.mx\/Eventos\/tracktec-corre-con-causa-2026\/\" data-saferedirecturl=\"https:\/\/www.google.com\/url?q=https:\/\/trizon.mx\/Eventos\/tracktec-corre-con-causa-2026\/&amp;source=gmail&amp;ust=1769141457151000&amp;usg=AOvVaw0ZScekh6xSN0srnVu8TB89\">https:\/\/trizon.mx\/Eventos\/tracktec-corre-con-causa-2026\/<\/a><\/p>\n<p>&nbsp;<\/p>\n<p style=\"font-weight: 400;\">Se premiar\u00e1 a los tres primeros lugares absolutos (femenil y varonil) de cada distancia, as\u00ed como a los tres primeros lugares por categor\u00eda en las rutas de 5K y 10K. La entrega de kits se llevar\u00e1 a cabo el s\u00e1bado 24 de enero en HighPoint de 10:00 AM a 4:00 PM.<\/p>\n<p style=\"font-weight: 400;\">Con iniciativas como TrackTEC, el Tecnol\u00f3gico de Monterrey y su comunidad de egresados reafirman su compromiso con la movilidad social y el desarrollo de l\u00edderes con sentido humano.<\/p>\n<p style=\"font-weight: 400;\"><strong>Detalles de la Carrera<\/strong><\/p>\n<ul style=\"font-weight: 400;\">\n<li><strong>Fecha:<\/strong>\u00a0Domingo 25 de enero de 2026.<\/li>\n<li><strong>Hora de inicio:<\/strong>\u00a07:00 AM.<\/li>\n<li><strong>Lugar de salida y meta:<\/strong>\u00a0Secundaria HighPoint (antes TAES).<\/li>\n<li><strong>Distancias:<\/strong>\u00a03K (recreativa), 5K y 10K, adem\u00e1s de una categor\u00eda infantil de 400 metros (4 a 10 a\u00f1os).<\/li>\n<li><strong>Pet Friendly:<\/strong>\u00a0El evento invita a los asistentes a participar acompa\u00f1ados de sus mascotas.<\/li>\n<li><strong>Registro:<\/strong>\u00a0<a href=\"https:\/\/tec.rs\/tracktec2026\" data-saferedirecturl=\"https:\/\/www.google.com\/url?q=https:\/\/tec.rs\/tracktec2026&amp;source=gmail&amp;ust=1769141457151000&amp;usg=AOvVaw2P59_HDOPUZ40Y5dEUC6U0\">https:\/\/tec.rs\/tracktec2026<\/a><\/li>\n<\/ul>\n","protected":false},"excerpt":{"rendered":"<p>Hermosillo, Sonora, a enero de 2026.- Con el firme objetivo de ayudar transformar la vida de j\u00f3venes con talento a trav\u00e9s de la educaci\u00f3n, se present\u00f3 de manera oficial la edici\u00f3n 2026 de TrackTEC: Corre con Causa, que se llevar\u00e1 a cabo el pr\u00f3ximo domingo 25 de enero. El evento deportivo, organizado EXATEC Sonorense y [&hellip;]<\/p>\n","protected":false},"author":2,"featured_media":242197,"comment_status":"closed","ping_status":"closed","sticky":false,"template":"","format":"standard","meta":{"footnotes":""},"categories":[188,12870],"tags":[5231,12865],"class_list":["post-242196","post","type-post","status-publish","format-standard","has-post-thumbnail","hentry","category-deportes","category-destacadas","tag-deportes","tag-destacadas"],"jetpack_featured_media_url":"https:\/\/rnoticias.com.mx\/Portal\/wp-content\/uploads\/2026\/01\/TrackTec-5-scaled.jpg","amp_enabled":true,"_links":{"self":[{"href":"https:\/\/rnoticias.com.mx\/Portal\/wp-json\/wp\/v2\/posts\/242196","targetHints":{"allow":["GET"]}}],"collection":[{"href":"https:\/\/rnoticias.com.mx\/Portal\/wp-json\/wp\/v2\/posts"}],"about":[{"href":"https:\/\/rnoticias.com.mx\/Portal\/wp-json\/wp\/v2\/types\/post"}],"author":[{"embeddable":true,"href":"https:\/\/rnoticias.com.mx\/Portal\/wp-json\/wp\/v2\/users\/2"}],"replies":[{"embeddable":true,"href":"https:\/\/rnoticias.com.mx\/Portal\/wp-json\/wp\/v2\/comments?post=242196"}],"version-history":[{"count":2,"href":"https:\/\/rnoticias.com.mx\/Portal\/wp-json\/wp\/v2\/posts\/242196\/revisions"}],"predecessor-version":[{"id":242199,"href":"https:\/\/rnoticias.com.mx\/Portal\/wp-json\/wp\/v2\/posts\/242196\/revisions\/242199"}],"wp:featuredmedia":[{"embeddable":true,"href":"https:\/\/rnoticias.com.mx\/Portal\/wp-json\/wp\/v2\/media\/242197"}],"wp:attachment":[{"href":"https:\/\/rnoticias.com.mx\/Portal\/wp-json\/wp\/v2\/media?parent=242196"}],"wp:term":[{"taxonomy":"category","embeddable":true,"href":"https:\/\/rnoticias.com.mx\/Portal\/wp-json\/wp\/v2\/categories?post=242196"},{"taxonomy":"post_tag","embeddable":true,"href":"https:\/\/rnoticias.com.mx\/Portal\/wp-json\/wp\/v2\/tags?post=242196"}],"curies":[{"name":"wp","href":"https:\/\/api.w.org\/{rel}","templated":true}]}}